{"id":2770,"date":"2020-09-02T17:13:31","date_gmt":"2020-09-02T17:13:31","guid":{"rendered":"https:\/\/blog.real-trends.com\/br\/?p=2770"},"modified":"2022-11-03T18:06:13","modified_gmt":"2022-11-03T18:06:13","slug":"black-friday-estrategias-para-aumentar-suas-vendas-no-mercado-livre","status":"publish","type":"post","link":"https:\/\/blog.real-trends.com\/br\/2020\/09\/02\/black-friday-estrategias-para-aumentar-suas-vendas-no-mercado-livre\/","title":{"rendered":"Black Friday 2022: estrat\u00e9gias para se destacar no Mercado Livre"},"content":{"rendered":"\n<p>O segundo semestre veio com tudo, o que significa que um dos eventos mais aguardados por vendedores e por consumidores j\u00e1 est\u00e1 batendo \u00e0 porta. Se voc\u00ea vai vender no Mercado Livre durante a Black Friday, chegou a hora de se planejar para que os seus an\u00fancios ocupem as melhores posi\u00e7\u00f5es e atraiam muitos compradores.<\/p>\n\n\n\n<figure class=\"wp-block-image size-large\"><img loading=\"lazy\" decoding=\"async\" width=\"1024\" height=\"608\" data-src=\"https:\/\/blog.real-trends.com\/br\/wp-content\/uploads\/2020\/09\/Black-Friday-no-Mercado-Livre-Prepare-se-para-vender-mais-1024x608.jpg\" alt=\"Black Friday no Mercado Livre - Prepare-se para vender mais\" class=\"wp-image-4680 lazyload\" data-srcset=\"https:\/\/blog.real-trends.com\/br\/wp-content\/uploads\/2020\/09\/Black-Friday-no-Mercado-Livre-Prepare-se-para-vender-mais-1024x608.jpg 1024w, https:\/\/blog.real-trends.com\/br\/wp-content\/uploads\/2020\/09\/Black-Friday-no-Mercado-Livre-Prepare-se-para-vender-mais-300x178.jpg 300w, https:\/\/blog.real-trends.com\/br\/wp-content\/uploads\/2020\/09\/Black-Friday-no-Mercado-Livre-Prepare-se-para-vender-mais-768x456.jpg 768w, https:\/\/blog.real-trends.com\/br\/wp-content\/uploads\/2020\/09\/Black-Friday-no-Mercado-Livre-Prepare-se-para-vender-mais-1536x912.jpg 1536w, https:\/\/blog.real-trends.com\/br\/wp-content\/uploads\/2020\/09\/Black-Friday-no-Mercado-Livre-Prepare-se-para-vender-mais-700x416.jpg 700w, https:\/\/blog.real-trends.com\/br\/wp-content\/uploads\/2020\/09\/Black-Friday-no-Mercado-Livre-Prepare-se-para-vender-mais.jpg 1920w\" data-sizes=\"auto, (max-width: 1024px) 100vw, 1024px\" src=\"data:image\/gif;base64,R0lGODlhAQABAAAAACH5BAEKAAEALAAAAAABAAEAAAICTAEAOw==\" style=\"--smush-placeholder-width: 1024px; --smush-placeholder-aspect-ratio: 1024\/608;\" \/><noscript><img loading=\"lazy\" decoding=\"async\" width=\"1024\" height=\"608\" src=\"https:\/\/blog.real-trends.com\/br\/wp-content\/uploads\/2020\/09\/Black-Friday-no-Mercado-Livre-Prepare-se-para-vender-mais-1024x608.jpg\" alt=\"Black Friday no Mercado Livre - Prepare-se para vender mais\" class=\"wp-image-4680\" srcset=\"https:\/\/blog.real-trends.com\/br\/wp-content\/uploads\/2020\/09\/Black-Friday-no-Mercado-Livre-Prepare-se-para-vender-mais-1024x608.jpg 1024w, https:\/\/blog.real-trends.com\/br\/wp-content\/uploads\/2020\/09\/Black-Friday-no-Mercado-Livre-Prepare-se-para-vender-mais-300x178.jpg 300w, https:\/\/blog.real-trends.com\/br\/wp-content\/uploads\/2020\/09\/Black-Friday-no-Mercado-Livre-Prepare-se-para-vender-mais-768x456.jpg 768w, https:\/\/blog.real-trends.com\/br\/wp-content\/uploads\/2020\/09\/Black-Friday-no-Mercado-Livre-Prepare-se-para-vender-mais-1536x912.jpg 1536w, https:\/\/blog.real-trends.com\/br\/wp-content\/uploads\/2020\/09\/Black-Friday-no-Mercado-Livre-Prepare-se-para-vender-mais-700x416.jpg 700w, https:\/\/blog.real-trends.com\/br\/wp-content\/uploads\/2020\/09\/Black-Friday-no-Mercado-Livre-Prepare-se-para-vender-mais.jpg 1920w\" sizes=\"auto, (max-width: 1024px) 100vw, 1024px\" \/><\/noscript><\/figure>\n\n\n<div class=\"vc_empty_space\" style=\"height: 20px\"><\/div>\n\n\n<p>Garantir o sucesso na data vai muito al\u00e9m de oferecer descontos. Com a concorr\u00eancia gigantesca e as mudan\u00e7as no comportamento dos consumidores, sua opera\u00e7\u00e3o precisa se atentar a diversos detalhes.<\/p>\n\n\n<div class=\"vc_empty_space\" style=\"height: 20px;\">&nbsp;<\/div>\n\n\n<p>Da cria\u00e7\u00e3o de an\u00fancios aos envios, confira o que voc\u00ea precisa fazer para lucrar muito no Mercado Livre durante a Black Friday.<\/p>\n\n\n<div class=\"vc_empty_space\" style=\"height: 20px\"><\/div>\n\n\n<style>\n.contenedor-banner-news {\nbackground-color: #fbfbfb;\nbox-shadow: 0px 0px 8px 0px rgba(0,8,0,0.16);\nmargin: 24px 0px;\n}\n.banner-news-info {\ndisplay: grid;\ngrid-template-columns: auto 1fr;\npadding: 24px 40px;\ncolumn-gap: 16px;\nalign-items: center;\n}\n.banner-news-info img {\nmax-width: 52px;\n}\n.banner-news-info h2 {\nfont-size: 20px;\nline-height: 23.5px;\npadding-bottom: 4px;\n}\n.banner-news-info p {\nfont-size: 14px;\nline-height: 17px;\n}\n.banner-news-form {\nbackground-color: #9ce5d3;\npadding: 24px 40px;\n}\n.banner-news-form div.frm_fields_container {\ndisplay: grid;\ngrid-template-columns: 1fr 1fr auto;\n}\n.banner-news-form .frm_fields_container #frm_field_7_container {\ngrid-column: 1\/2;\n}\n.banner-news-form .frm_fields_container #frm_field_8_container {\ngrid-column: 2\/3;\n}\n.banner-news-form .frm_fields_container .frm_submit {\ngrid-column: 3\/4;\n}\n.banner-news-form .frm_fields_container .frm_submit button.frm_button_submit {\nmargin-top: 3px;\n}\n.banner-news-form .with_frm_style .frm_form_fields > fieldset {\npadding: 0;\n}\n.banner-news-form .frm_style_formidable-style.with_frm_style .frm_error {\n    color: #f04e54;\n}\n.banner-news-form .frm_style_formidable-style.with_frm_style .frm_message p {\n    font-size: 16px;\n}\n@media screen and (max-width: 768px) {\n.banner-news-info {\ngrid-template-columns: 1fr;\npadding: 24px 28px;\n}\n.banner-news-form {\npadding: 24px 28px;\n}\n.banner-news-info h2 {\npadding: 4px 0px 8px 0px;\n}\n}\n<\/style>\n<div class=\"contenedor-banner-news\">\n<div class=\"banner-news-info\">\n<img decoding=\"async\" data-src=\"https:\/\/blog.real-trends.com\/br\/wp-content\/uploads\/2020\/06\/popup-ico2.png\" alt=\"N\u00e3o ao spam\" src=\"data:image\/gif;base64,R0lGODlhAQABAAAAACH5BAEKAAEALAAAAAABAAEAAAICTAEAOw==\" class=\"lazyload\" style=\"--smush-placeholder-width: 200px; --smush-placeholder-aspect-ratio: 200\/200;\"><noscript><img decoding=\"async\" src=\"https:\/\/blog.real-trends.com\/br\/wp-content\/uploads\/2020\/06\/popup-ico2.png\" alt=\"N\u00e3o ao spam\"><\/noscript>\n<div>\n<h2>Inscreva-se na nossa newsletter<\/h2>\n<p>Receba tudo o que acontece no Mercado Livre e no mundo do e-commerce direto no seu e-mail.<\/p>\n<\/div>\n<\/div>\n<div class=\"banner-news-form\">\n<link rel='stylesheet' id='formidable-css' href='https:\/\/blog.real-trends.com\/br\/wp-content\/plugins\/formidable\/css\/formidableforms.css?ver=11281736' type='text\/css' media='all' \/>\n<div class=\"frm_forms  with_frm_style frm_style_formidable-style\" id=\"frm_form_4_container\" >\n<form enctype=\"multipart\/form-data\" method=\"post\" class=\"frm-show-form \" id=\"form_newsletter-brasil-notas\" >\n<div class=\"frm_form_fields \">\n<fieldset>\n<legend class=\"frm_screen_reader\">Newsletter Brasil Notas<\/legend>\r\n\r\n<div class=\"frm_fields_container\">\n<input type=\"hidden\" name=\"frm_action\" value=\"create\" \/>\n<input type=\"hidden\" name=\"form_id\" value=\"4\" \/>\n<input type=\"hidden\" name=\"frm_hide_fields_4\" id=\"frm_hide_fields_4\" value=\"\" \/>\n<input type=\"hidden\" name=\"form_key\" value=\"newsletter-brasil-notas\" \/>\n<input type=\"hidden\" name=\"item_meta[0]\" value=\"\" \/>\n<input type=\"hidden\" id=\"frm_submit_entry_4\" name=\"frm_submit_entry_4\" value=\"1f0a6f0014\" \/><input type=\"hidden\" name=\"_wp_http_referer\" value=\"\/br\/wp-json\/wp\/v2\/posts\/2770\" \/><div id=\"frm_field_7_container\" class=\"frm_form_field form-field  frm_required_field frm_top_container frm_full\">\r\n    <label for=\"field_nome2f57e4e9006dcf2f434ed821df47f9\" id=\"field_nome2f57e4e9006dcf2f434ed821df47f9_label\" class=\"frm_primary_label\">\r\n        <span class=\"frm_required\"><\/span>\r\n    <\/label>\r\n    <input type=\"text\" id=\"field_nome2f57e4e9006dcf2f434ed821df47f9\" name=\"item_meta[7]\" value=\"\"  placeholder=\"Nome\" data-reqmsg=\"Complete este dado.\" aria-required=\"true\" data-invmsg=\"Text is invalid\" aria-invalid=\"false\"  \/>\r\n    \r\n    \r\n<\/div>\n<div id=\"frm_field_8_container\" class=\"frm_form_field form-field  frm_required_field frm_top_container frm_full\">\r\n    <label for=\"field_e-mail6ba45c4f5758229f4e0\" id=\"field_e-mail6ba45c4f5758229f4e0_label\" class=\"frm_primary_label\">\r\n        <span class=\"frm_required\"><\/span>\r\n    <\/label>\r\n    <input type=\"email\" id=\"field_e-mail6ba45c4f5758229f4e0\" name=\"item_meta[8]\" value=\"\"  placeholder=\"E-mail\" data-reqmsg=\"Complete este dado.\" aria-required=\"true\" data-invmsg=\"Verifique seu e-mail.\" aria-invalid=\"false\"  \/>\r\n    \r\n    \r\n<\/div>\n<div id=\"frm_field_11_container\" class=\"frm_form_field form-field \">\n\t<div class=\"frm_submit\">\r\n\r\n<button class=\"frm_button_submit\" type=\"submit\"  >Quero receber<\/button>\r\n\r\n<\/div>\n<\/div>\n\t<input type=\"hidden\" name=\"item_key\" value=\"\" \/>\n\t<\/div>\n<\/fieldset>\n<\/div>\n\n<\/form>\n<\/div>\n\n<\/div>\n<\/div>\n\n\n\n<h2 class=\"wp-block-heading\">5 estrat\u00e9gias para aumentar as suas vendas no Mercado Livre na Black Friday 2022<\/h2>\n\n\n<div class=\"vc_empty_space\" style=\"height: 20px\"><\/div>\n\n\n<p>Os consumidores j\u00e1 se habituaram \u00e0s promo\u00e7\u00f5es da Black Friday e esperam por descontos significativos. Para atrair e fidelizar esses compradores \u00e9 importante investir um tempo para garantir que sua opera\u00e7\u00e3o esteja pronta para a data. Veja como fazer isso:<\/p>\n\n\n<div class=\"vc_empty_space\" style=\"height: 20px\"><\/div>\n\n\n<h3 class=\"wp-block-heading\"><strong>Planeje o seu estoque<\/strong><\/h3>\n\n\n<div class=\"vc_empty_space\" style=\"height: 20px\"><\/div>\n\n\n<p>Essa \u00e9 a primeira regra quando o assunto \u00e9 Black Friday 2022. Para vender mais, voc\u00ea deve se preparar com anteced\u00eancia para dar conta do aumento de pedidos.&nbsp;<\/p>\n\n\n<div class=\"vc_empty_space\" style=\"height: 20px\"><\/div>\n\n\n<p>Ent\u00e3o, reserve um tempo para organizar o seu estoque e fazer um levantamento dos itens que voc\u00ea tem dispon\u00edvel e qual \u00e9 a quantidade. Afinal, a data \u00e9 uma excelente oportunidade para vender aqueles produtos que ficaram encalhados o ano todo.&nbsp;<\/p>\n\n\n<div class=\"vc_empty_space\" style=\"height: 20px\"><\/div>\n\n\n<p>Al\u00e9m disso, fique de olho nas tend\u00eancias e nos itens com boas margens de lucro. Em seguida, estipule quantas unidades de cada produto voc\u00ea calcula vender e procure negociar bons pre\u00e7os com os seus fornecedores.<\/p>\n\n\n<div class=\"vc_empty_space\" style=\"height: 20px\"><\/div>\n\n\n<p>Caso voc\u00ea n\u00e3o tenha o item de imediato ou esteja anunciando um produto personalizado, comunique a disponibilidade de estoque para que seus compradores saibam quando ser\u00e1 a entrega.<\/p>\n\n\n<div class=\"vc_empty_space\" style=\"height: 20px\"><\/div>\n\n\n<h3 class=\"wp-block-heading\">Cultive a sua reputa\u00e7\u00e3o<\/h3>\n\n\n<div class=\"vc_empty_space\" style=\"height: 20px\"><\/div>\n\n\n<p>A confian\u00e7a \u00e9 um dos principais fatores de compra \u2013 e no Mercado Livre n\u00e3o seria diferente. Segundo uma pesquisa da All In com a Opinion Box, realizada na Black Friday 2021, 46% dos consumidores desistiriam de uma compra por n\u00e3o confiar na empresa.<\/p>\n\n\n<div class=\"vc_empty_space\" style=\"height: 20px\"><\/div>\n\n\n<p>Diante disso, fica evidente que ter uma boa <a target=\"_blank\" style=\"text-decoration: underline; color: #008AFF;\" href=\"https:\/\/blog.real-trends.com\/br\/2019\/06\/14\/reputacao-a-chave-para-ter-sucesso-no-mercado-livre\/\" rel=\"noreferrer noopener\">reputa\u00e7\u00e3o no Mercado Livre<\/a> \u00e9 o caminho do sucesso. Para chegar ao verde do term\u00f4metro, previna atrasos nos seus envios, evite cancelar suas vendas e tenha cuidado com o n\u00famero de <a target=\"_blank\" style=\"text-decoration: underline; color: #008AFF;\" href=\"https:\/\/blog.real-trends.com\/br\/2020\/06\/18\/reclamacao-mercado-livre\/\" rel=\"noreferrer noopener\">reclama\u00e7\u00f5es<\/a>.<\/p>\n\n\n<div class=\"vc_empty_space\" style=\"height: 20px\"><\/div>\n\n\n<p><strong>Revise os seus an\u00fancios<\/strong><\/p>\n\n\n<div class=\"vc_empty_space\" style=\"height: 20px\"><\/div>\n\n\n<p>Pense no seu an\u00fancio como a vitrine que vai chamar a aten\u00e7\u00e3o dos compradores. Como a primeira impress\u00e3o \u00e9 a que fica, revisar os seus an\u00fancios no Mercado Livre com anteced\u00eancia far\u00e1 toda a diferen\u00e7a nas suas vendas. Por isso:<\/p>\n\n\n<div class=\"vc_empty_space\" style=\"height: 20px\"><\/div>\n\n\n<ul class=\"wp-block-list\"><li>Capriche no t\u00edtulo e na descri\u00e7\u00e3o, seguindo as <a target=\"_blank\" style=\"text-decoration: underline; color: #008AFF;\" href=\"https:\/\/blog.real-trends.com\/br\/2021\/11\/25\/como-aparecer-no-mercado-livre\/\" rel=\"noreferrer noopener\">boas pr\u00e1ticas<\/a> do marketplace.<\/li><li>N\u00e3o use palavras como \u201cpromo\u00e7\u00e3o\u201d, \u201cdesconto\u201d e \u201cfrete gr\u00e1tis\u201d no t\u00edtulo.<\/li><li>Use imagens de qualidade. A primeira foto precisa ter fundo branco \u2013 exceto em an\u00fancios da <a target=\"_blank\" style=\"text-decoration: underline; color: #008AFF;\" href=\"https:\/\/blog.real-trends.com\/br\/2022\/01\/13\/requisitos-de-fotos-na-categoria-moda-no-mercado-livre\/\" rel=\"noreferrer noopener\">categoria Moda<\/a>.<\/li><li>Anuncie o seu produto na categoria correta.<\/li><li>Se poss\u00edvel, concorra ao <a target=\"_blank\" style=\"text-decoration: underline; color: #008AFF;\" href=\"https:\/\/blog.real-trends.com\/br\/2020\/08\/20\/catalogo-mercado-livre\/\" rel=\"noreferrer noopener\">cat\u00e1logo do Mercado Livre<\/a>.<\/li><li>Entenda como funcionam as <a target=\"_blank\" style=\"text-decoration: underline; color: #008AFF;\" href=\"https:\/\/blog.real-trends.com\/br\/2022\/06\/16\/como-evitar-as-moderacoes-do-mercado-livre\/\" rel=\"noreferrer noopener\">modera\u00e7\u00f5es do Mercado Livre<\/a> e evite cair nelas.<\/li><\/ul>\n\n\n<div class=\"vc_empty_space\" style=\"height: 20px\"><\/div>\n\n\n<h3 class=\"wp-block-heading\"><strong>Cuide dos seus envios<\/strong><\/h3>\n\n\n<div class=\"vc_empty_space\" style=\"height: 20px\"><\/div>\n\n\n<p>O valor do frete pode ser o fator que determinar\u00e1 se voc\u00ea vai ganhar ou perder uma venda. Ainda segundo a pesquisa da All In com a Opinion Box, 56% dos consumidores desistiriam de comprar na Black Friday 2021 por causa do frete alto.<\/p>\n\n\n<div class=\"vc_empty_space\" style=\"height: 20px\"><\/div>\n\n\n<p>Ao pesquisar a melhor oferta, o comprador tamb\u00e9m se preocupa se vai receber o produto na data programada. Para garantir que isso aconte\u00e7a, pense na entrega como parte da experi\u00eancia de venda, pois ao cumprir o prazo estipulado voc\u00ea ganha um cliente satisfeito.&nbsp;<\/p>\n\n\n<div class=\"vc_empty_space\" style=\"height: 20px\"><\/div>\n\n\n<p>Usar as solu\u00e7\u00f5es do <a target=\"_blank\" style=\"text-decoration: underline; color: #008AFF;\" href=\"https:\/\/www.real-trends.com\/br\/guia-mercado-envios-baixar\" rel=\"noreferrer noopener\">Mercado Envios<\/a> \u00e9 uma estrat\u00e9gia segura para agilizar as suas entregas e garantir que elas aconte\u00e7am dentro do prazo. Avalie quais das op\u00e7\u00f5es \u2013 <a target=\"_blank\" style=\"text-decoration: underline; color: #008AFF;\" href=\"https:\/\/blog.real-trends.com\/br\/2021\/04\/08\/mercado-envios-flex-como-funciona-e-como-fazer-entregas-no-mesmo-dia\/\" rel=\"noreferrer noopener\">Mercado Envios Flex<\/a>, <a target=\"_blank\" style=\"text-decoration: underline; color: #008AFF;\" href=\"https:\/\/blog.real-trends.com\/br\/2021\/03\/04\/mercado-envios-full-o-que-e-e-como-funciona\/\" rel=\"noreferrer noopener\">Mercado Envios Full<\/a> ou Mercado Envios Coleta \u2013 fazem mais sentido para a sua opera\u00e7\u00e3o, entenda os requisitos de cada uma e m\u00e3os \u00e0 obra!<\/p>\n\n\n<div class=\"vc_empty_space\" style=\"height: 20px\"><\/div>\n\n\n<p>Dica: a Real Trends descomplica sua log\u00edstica e ajuda a manter suas entregas em dia com a <a target=\"_blank\" style=\"text-decoration: underline; color: #008AFF;\" rel=\"noreferrer noopener\" href=\"https:\/\/blog.real-trends.com\/br\/2022\/06\/07\/envios-flex-evite-atrasos-nas-entregas-e-se-destaque-no-mercado-livre\/\">ferramenta Envios Flex<\/a>.<\/p>\n\n\n<div class=\"vc_empty_space\" style=\"height: 20px\"><\/div>\n\n\n<h3 class=\"wp-block-heading\">Capriche no atendimento<\/h3>\n\n\n<div class=\"vc_empty_space\" style=\"height: 20px\"><\/div>\n\n\n<p>Como j\u00e1 dissemos acima, a concorr\u00eancia e as novas demandas dos compradores exigem que os neg\u00f3cios se adaptem com muita velocidade. Mas algo que veio para ficar \u00e9 a experi\u00eancia dos consumidores.<\/p>\n\n\n<div class=\"vc_empty_space\" style=\"height: 20px\"><\/div>\n\n\n<p>O atendimento \u00e9 um dos pilares das experi\u00eancias de compra. Por isso, resolva todos os problemas e as d\u00favidas com clareza, dando respostas r\u00e1pidas e de qualidade. N\u00e3o poupe esfor\u00e7os e demonstre simpatia, usando sauda\u00e7\u00f5es e despedidas e incluindo o nome do comprador.&nbsp;<\/p>\n\n\n<div class=\"vc_empty_space\" style=\"height: 20px\"><\/div>\n\n\n<p>Para garantir a fideliza\u00e7\u00e3o dos seus compradores, invista no atendimento antes, durante e ap\u00f3s as compras.<\/p>\n\n\n<div class=\"vc_empty_space\" style=\"height: 20px\"><\/div>\n\n\n<p>Dica: A Real Trends pode facilitar o atendimento aos seus clientes. Com nossa <a target=\"_blank\" style=\"text-decoration: underline; color: #008AFF;\" rel=\"noreferrer noopener\" href=\"https:\/\/www.real-trends.com\/br\/ferramentas\">ferramenta Mensagens autom\u00e1ticas<\/a>, voc\u00ea resolve d\u00favidas e problemas de forma pr\u00e1tica e r\u00e1pida.&nbsp;<\/p>\n\n\n<div class=\"vc_empty_space\" style=\"height: 35px\"><\/div>\n\n\n<h2 class=\"wp-block-heading\">Conte\u00fados extra para ajudar sua opera\u00e7\u00e3o de Black Friday<\/h2>\n\n\n<div class=\"vc_empty_space\" style=\"height: 20px\"><\/div>\n\n\n<p>Al\u00e9m das quest\u00f5es acima, existem outros pontos aos quais voc\u00ea precisa se atentar. Preparamos um e-book com outras estrat\u00e9gias e dicas para ajudar voc\u00ea a aumentar as suas vendas no Mercado Livre durante a Black Friday 2022.<\/p>\n\n\n\n<figure class=\"wp-block-image size-large\"><a href=\"https:\/\/www.real-trends.com\/br\/guia-black-friday\" target=\"_blank\" rel=\"noopener noreferrer\"><img loading=\"lazy\" decoding=\"async\" width=\"1024\" height=\"359\" data-src=\"https:\/\/blog.real-trends.com\/br\/wp-content\/uploads\/2021\/05\/banners-blackfriday-1-1024x359.png\" alt=\"\" class=\"wp-image-3569 lazyload\" data-srcset=\"https:\/\/blog.real-trends.com\/br\/wp-content\/uploads\/2021\/05\/banners-blackfriday-1-1024x359.png 1024w, https:\/\/blog.real-trends.com\/br\/wp-content\/uploads\/2021\/05\/banners-blackfriday-1-300x105.png 300w, https:\/\/blog.real-trends.com\/br\/wp-content\/uploads\/2021\/05\/banners-blackfriday-1-768x269.png 768w, https:\/\/blog.real-trends.com\/br\/wp-content\/uploads\/2021\/05\/banners-blackfriday-1-1536x539.png 1536w, https:\/\/blog.real-trends.com\/br\/wp-content\/uploads\/2021\/05\/banners-blackfriday-1-700x246.png 700w, https:\/\/blog.real-trends.com\/br\/wp-content\/uploads\/2021\/05\/banners-blackfriday-1.png 1853w\" data-sizes=\"auto, (max-width: 1024px) 100vw, 1024px\" src=\"data:image\/gif;base64,R0lGODlhAQABAAAAACH5BAEKAAEALAAAAAABAAEAAAICTAEAOw==\" style=\"--smush-placeholder-width: 1024px; --smush-placeholder-aspect-ratio: 1024\/359;\" \/><noscript><img loading=\"lazy\" decoding=\"async\" width=\"1024\" height=\"359\" src=\"https:\/\/blog.real-trends.com\/br\/wp-content\/uploads\/2021\/05\/banners-blackfriday-1-1024x359.png\" alt=\"\" class=\"wp-image-3569\" srcset=\"https:\/\/blog.real-trends.com\/br\/wp-content\/uploads\/2021\/05\/banners-blackfriday-1-1024x359.png 1024w, https:\/\/blog.real-trends.com\/br\/wp-content\/uploads\/2021\/05\/banners-blackfriday-1-300x105.png 300w, https:\/\/blog.real-trends.com\/br\/wp-content\/uploads\/2021\/05\/banners-blackfriday-1-768x269.png 768w, https:\/\/blog.real-trends.com\/br\/wp-content\/uploads\/2021\/05\/banners-blackfriday-1-1536x539.png 1536w, https:\/\/blog.real-trends.com\/br\/wp-content\/uploads\/2021\/05\/banners-blackfriday-1-700x246.png 700w, https:\/\/blog.real-trends.com\/br\/wp-content\/uploads\/2021\/05\/banners-blackfriday-1.png 1853w\" sizes=\"auto, (max-width: 1024px) 100vw, 1024px\" \/><\/noscript><\/a><\/figure>\n\n\n\n<p>Tamb\u00e9m \u00e9 fundamental ficar por dentro dos principais dados e saber quais s\u00e3o os produtos mais buscados na Black Friday. Assim, voc\u00ea entende melhor o comportamento dos consumidores na data e tem uma vis\u00e3o mais estrat\u00e9gica para planejar sua opera\u00e7\u00e3o.<\/p>\n\n\n<div class=\"vc_empty_space\" style=\"height: 20px\"><\/div>\n\n\n<p>Pensando nisso, preparamos um infogr\u00e1fico com as principais informa\u00e7\u00f5es. Nele, voc\u00ea vai encontrar:<\/p>\n\n\n<div class=\"vc_empty_space\" style=\"height: 20px\"><\/div>\n\n\n<ul class=\"wp-block-list\"><li>Dados gerais sobre a data<\/li><li>Categorias campe\u00e3s de pedidos e de faturamento<\/li><li>Faturamento por regi\u00e3o<\/li><li>Faixa et\u00e1ria dos compradores<\/li><li>O que motiva a comprar na Black Friday<\/li><li>Fatores que levam \u00e0 desist\u00eancia de uma compra<\/li><li>Inten\u00e7\u00e3o de compra para a Black Friday 2022<\/li><li>Principais motivadores de compra no e-commerce<\/li><\/ul>\n\n\n<div class=\"vc_empty_space\" style=\"height: 20px\"><\/div>\n\n\n<div class=\"wp-block-buttons is-layout-flex wp-block-buttons-is-layout-flex\">\n<div class=\"wp-block-button\" style=\"display: flex; justify-content: center;\"><a class=\"wp-block-button__link\" href=\"https:\/\/www.real-trends.com\/infografico\/2022\/black-friday.pdf\" target=\"_blank\" rel=\"noreferrer noopener\">Ver infogr\u00e1fico da Black Friday<\/a><\/div>\n<\/div>\n\n\n<div class=\"vc_empty_space\" style=\"height: 20px\"><\/div>\n\n\n<p>Tamb\u00e9m conversamos com os <a style=\"text-decoration: underline; color: #008AFF;\" rel=\"noreferrer noopener\" target=\"_blank\" href=\"https:\/\/blog.real-trends.com\/br\/2019\/10\/08\/black-friday-veja-as-melhores-dicas-com-os-craques-do-e-commerce\/\">craques em e-commerce Andr\u00e9 Santos e Bruno de Oliveira<\/a>, para aprofundar outros pontos de aten\u00e7\u00e3o que v\u00e3o garantir o sucesso da sua Black Friday 2022.&nbsp;<\/p>\n\n\n<div class=\"vc_empty_space\" style=\"height: 20px;\">&nbsp;<\/div>\n\n\n<p>Al\u00e9m disso, elaboramos uma checklist para ajudar voc\u00ea a administrar toda a sua opera\u00e7\u00e3o de ponta a ponta. Com ela, voc\u00ea pode conferir cada etapa a ser cumprida e garantir que nenhum detalhe vai ficar de fora.<\/p>\n\n\n<div class=\"vc_empty_space\" style=\"height: 20px;\">&nbsp;<\/div>\n\n\n<div class=\"wp-block-buttons is-layout-flex wp-block-buttons-is-layout-flex\">\n<div class=\"wp-block-button\" style=\"display: flex; justify-content: center;\"><a class=\"wp-block-button__link\" href=\"https:\/\/www.real-trends.com\/conteudo-para-baixar\/checklist-black-friday.pdf\" target=\"_blank\" rel=\"noreferrer noopener\">Baixar checklist da Black Friday<\/a><\/div>\n<\/div>\n\n\n<div class=\"vc_empty_space\" style=\"height: 20px;\">&nbsp;<\/div>\n<div class=\"vc_empty_space\" style=\"height: 20px;\"><span style=\"font-weight: 400;\">Siga as dicas e venda muito nesta Black Friday no Mercado Livre!<\/span><\/div>\n<div class=\"vc_empty_space\" style=\"height: 20px;\">&nbsp;<\/div>\n\n\n<style>\n.contenedor-banner-teste {\nbackground-color: #fbfbfb;\nbox-shadow: 0px 0px 8px 0px rgba(0,8,0,0.16);\nmargin: 24px 0px;\ndisplay: grid;\ngrid-template-columns: 1fr auto;\nbackground-image: url('https:\/\/www.real-trends.com\/assets\/img\/blog\/fondo-2.png');\npadding: 24px 24px 24px 40px;\nbackground-repeat: no-repeat;\nalign-items: center;\nbackground-size: cover;\ncolumn-gap: 10px;\n}\n.contenedor-banner-teste img:first-child {\nmax-width: 146px;\n}\n.contenedor-banner-teste div {\ntext-align: left;\n}\n.contenedor-banner-teste h2 {\nfont-size: 22px;\nfont-family: 'proxima_novaregular' , sans-serif;\nline-height: 26px;\nmargin-bottom: 5px;\n}\n.contenedor-banner-teste p {\nfont-family: 'proxima_novaregular';\nfont-weight: 200;\nfont-size: 19px;\nmargin-bottom: 12px;\n}\n.img-banner-teste {\nmax-width: 190px;\nwidth: 100%;\n}\n.contenedor-banner-teste button {\npadding: 8px 16px;\nbackground-color: #4194d8;\nborder: none;\nborder-radius: 4px;\ncolor: #fff;\nfont-size: 14px;\n}\n.contenedor-banner-teste button:hover {\nbackground-color: #236da9;\ncursor: pointer;\n}\n@media screen and (max-width: 600px) {\n.contenedor-banner-teste {\nbackground-image: none;\ngrid-template-columns: 1fr;\njustify-items: center;\nbackground-size: auto;\nrow-gap: 16px;\npadding: 48px 24px 24px 24px;\n}\n.img-banner-teste {\nmax-width: 100%;\n}\n.contenedor-banner-teste div {\nmargin: 0px 0px 8px 0px;\n}\n}\n@media only screen and (min-width:600px) and (max-width:1200px) {\n.contenedor-banner-teste {\ncolumn-gap: 40px;\n}\n}\n<\/style>\n<a href=\"https:\/\/www.real-trends.com\/br\/?utm_source=blog&amp;utm_medium=banner&amp;utm_campaign=teste_gratis\">\n<div class=\"contenedor-banner-teste\">\n<div>\n<h2>Aumente suas vendas em 30% no Mercado Livre<\/h2>\n<p>Use a Real Trends, a plataforma l\u00edder para ser um supervendedor<\/p>\n<button>Testar 30 dias gr\u00e1tis<\/button>\n<\/div>\n<img decoding=\"async\" class=\"img-banner-teste lazyload\" data-src=\"https:\/\/www.real-trends.com\/assets\/img\/blog\/img-2.png\" alt=\"\" src=\"data:image\/gif;base64,R0lGODlhAQABAAAAACH5BAEKAAEALAAAAAABAAEAAAICTAEAOw==\"><noscript><img decoding=\"async\" class=\"img-banner-teste\" src=\"https:\/\/www.real-trends.com\/assets\/img\/blog\/img-2.png\" alt=\"\"><\/noscript>\n<\/div>\n<\/a>\n\n\n<div class=\"vc_empty_space\" style=\"height: 20px\"><\/div>\n\n\n<h2 class=\"wp-block-heading\">Perguntas frequentes<\/h2>\n\n\n\t\t<section\t\tclass=\"sc_fs_faq sc_card    \"\n\t\t\t\t>\n\t\t\t\t<h2>O que \u00e9 a Black Friday?<\/h2>\t\t\t\t<div>\n\t\t\t\t\t\t<div class=\"sc_fs_faq__content\">\n\t\t\t\t\n\n<p class=\"has-large-font-size\">A Black Friday tem a sua origem nos Estados Unidos e acontece um dia depois do feriado de A\u00e7\u00e3o de Gra\u00e7as (Thanksgiving, em ingl\u00eas), celebrado na 4\u00aa quinta-feira de novembro.&nbsp;<br><br>A data chegou ao Brasil em 2010 com foco nas vendas online. Hoje, a Black Friday est\u00e1 bem consolidada e tamb\u00e9m acontece no varejo f\u00edsico, sendo uma oportunidade de oferecer experi\u00eancias completas aos compradores atrav\u00e9s de uma opera\u00e7\u00e3o <a href=\"https:\/\/blog.real-trends.com\/br\/2022\/05\/20\/o-que-e-omnichannel-e-como-essa-estrategia-pode-beneficiar-sua-empresa\/\" target=\"_blank\" rel=\"noreferrer noopener\">omnichannel<\/a>.&nbsp;<br><br>Atualmente, as ofertas n\u00e3o se concentram mais apenas na sexta-feira e muitas empresas come\u00e7am as promo\u00e7\u00f5es uma semana ou at\u00e9 mesmo um m\u00eas antes.<\/p>\n\n\t\t\t<\/div>\n\t\t<\/div>\n\t\t<\/section>\n\t\t\t\t<section\t\tclass=\"sc_fs_faq sc_card    \"\n\t\t\t\t>\n\t\t\t\t<h2>Quando ser\u00e1 a Black Friday 2022?<\/h2>\t\t\t\t<div>\n\t\t\t\t\t\t<div class=\"sc_fs_faq__content\">\n\t\t\t\t\n\n<p class=\"has-large-font-size\">Em 2022, a data cai no dia 25 de novembro.<\/p>\n\n\t\t\t<\/div>\n\t\t<\/div>\n\t\t<\/section>\n\t\t\n<script type=\"application\/ld+json\">\n\t{\n\t\t\"@context\": \"https:\/\/schema.org\",\n\t\t\"@type\": \"FAQPage\",\n\t\t\"mainEntity\": [\n\t\t\t\t\t{\n\t\t\t\t\"@type\": \"Question\",\n\t\t\t\t\"name\": \"O que \u00e9 a Black Friday?\",\n\t\t\t\t\"acceptedAnswer\": {\n\t\t\t\t\t\"@type\": \"Answer\",\n\t\t\t\t\t\"text\": \"<p>A Black Friday tem a sua origem nos Estados Unidos e acontece um dia depois do feriado de A\u00e7\u00e3o de Gra\u00e7as (Thanksgiving, em ingl\u00eas), celebrado na 4\u00aa quinta-feira de novembro.&nbsp;<br><br>A data chegou ao Brasil em 2010 com foco nas vendas online. Hoje, a Black Friday est\u00e1 bem consolidada e tamb\u00e9m acontece no varejo f\u00edsico, sendo uma oportunidade de oferecer experi\u00eancias completas aos compradores atrav\u00e9s de uma opera\u00e7\u00e3o <a>omnichannel<\/a>.&nbsp;<br><br>Atualmente, as ofertas n\u00e3o se concentram mais apenas na sexta-feira e muitas empresas come\u00e7am as promo\u00e7\u00f5es uma semana ou at\u00e9 mesmo um m\u00eas antes.<\/p>\"\n\t\t\t\t\t\t\t\t\t}\n\t\t\t}\n\t\t\t,\t\t\t\t{\n\t\t\t\t\"@type\": \"Question\",\n\t\t\t\t\"name\": \"Quando ser\u00e1 a Black Friday 2022?\",\n\t\t\t\t\"acceptedAnswer\": {\n\t\t\t\t\t\"@type\": \"Answer\",\n\t\t\t\t\t\"text\": \"<p>Em 2022, a data cai no dia 25 de novembro.<\/p>\"\n\t\t\t\t\t\t\t\t\t}\n\t\t\t}\n\t\t\t\t\t\t]\n\t}\n<\/script>\n\n\n\n<p><\/p>\n","protected":false},"excerpt":{"rendered":"<p>Planeje-se para vender mais na Black Friday e construir um relacionamento duradouro com clientes novos e antigos.<\/p>\n","protected":false},"author":29,"featured_media":4680,"comment_status":"open","ping_status":"open","sticky":false,"template":"","format":"standard","meta":{"_monsterinsights_skip_tracking":false,"_monsterinsights_sitenote_active":false,"_monsterinsights_sitenote_note":"","_monsterinsights_sitenote_category":0,"footnotes":""},"categories":[125],"tags":[],"class_list":["post-2770","post","type-post","status-publish","format-standard","has-post-thumbnail","hentry","category-dicas-para-vender-mais"],"yoast_head":"<!-- This site is optimized with the Yoast SEO plugin v23.9 - https:\/\/yoast.com\/wordpress\/plugins\/seo\/ -->\n<title>Black Friday 2022: estrat\u00e9gias para se destacar no Mercado Livre<\/title>\n<meta name=\"description\" content=\"Planeje-se para vender mais no Mercado Livre durante a Black Friday e construir um relacionamento duradouro com clientes novos e antigos.\" \/>\n<meta name=\"robots\" content=\"index, follow, max-snippet:-1, max-image-preview:large, max-video-preview:-1\" \/>\n<link rel=\"canonical\" href=\"https:\/\/blog.real-trends.com\/br\/2020\/09\/02\/black-friday-estrategias-para-aumentar-suas-vendas-no-mercado-livre\/\" \/>\n<meta property=\"og:locale\" content=\"pt_BR\" \/>\n<meta property=\"og:type\" content=\"article\" \/>\n<meta property=\"og:title\" content=\"Black Friday 2022: estrat\u00e9gias para se destacar no Mercado Livre\" \/>\n<meta property=\"og:description\" content=\"Planeje-se para vender mais no Mercado Livre durante a Black Friday e construir um relacionamento duradouro com clientes novos e antigos.\" \/>\n<meta property=\"og:url\" content=\"https:\/\/blog.real-trends.com\/br\/2020\/09\/02\/black-friday-estrategias-para-aumentar-suas-vendas-no-mercado-livre\/\" \/>\n<meta property=\"og:site_name\" content=\"Real Trends Blog\" \/>\n<meta property=\"article:published_time\" content=\"2020-09-02T17:13:31+00:00\" \/>\n<meta property=\"article:modified_time\" content=\"2022-11-03T18:06:13+00:00\" \/>\n<meta property=\"og:image\" content=\"https:\/\/blog.real-trends.com\/br\/wp-content\/uploads\/2020\/09\/Black-Friday-no-Mercado-Livre-Prepare-se-para-vender-mais.jpg\" \/>\n\t<meta property=\"og:image:width\" content=\"1920\" \/>\n\t<meta property=\"og:image:height\" content=\"1140\" \/>\n\t<meta property=\"og:image:type\" content=\"image\/jpeg\" \/>\n<meta name=\"author\" content=\"Natasha\" \/>\n<meta name=\"twitter:card\" content=\"summary_large_image\" \/>\n<meta name=\"twitter:label1\" content=\"Escrito por\" \/>\n\t<meta name=\"twitter:data1\" content=\"Natasha\" \/>\n\t<meta name=\"twitter:label2\" content=\"Est. tempo de leitura\" \/>\n\t<meta name=\"twitter:data2\" content=\"9 minutos\" \/>\n<script type=\"application\/ld+json\" class=\"yoast-schema-graph\">{\"@context\":\"https:\/\/schema.org\",\"@graph\":[{\"@type\":\"WebPage\",\"@id\":\"https:\/\/blog.real-trends.com\/br\/2020\/09\/02\/black-friday-estrategias-para-aumentar-suas-vendas-no-mercado-livre\/\",\"url\":\"https:\/\/blog.real-trends.com\/br\/2020\/09\/02\/black-friday-estrategias-para-aumentar-suas-vendas-no-mercado-livre\/\",\"name\":\"Black Friday 2022: estrat\u00e9gias para se destacar no Mercado Livre\",\"isPartOf\":{\"@id\":\"https:\/\/blog.real-trends.com\/br\/#website\"},\"primaryImageOfPage\":{\"@id\":\"https:\/\/blog.real-trends.com\/br\/2020\/09\/02\/black-friday-estrategias-para-aumentar-suas-vendas-no-mercado-livre\/#primaryimage\"},\"image\":{\"@id\":\"https:\/\/blog.real-trends.com\/br\/2020\/09\/02\/black-friday-estrategias-para-aumentar-suas-vendas-no-mercado-livre\/#primaryimage\"},\"thumbnailUrl\":\"https:\/\/blog.real-trends.com\/br\/wp-content\/uploads\/2020\/09\/Black-Friday-no-Mercado-Livre-Prepare-se-para-vender-mais.jpg\",\"datePublished\":\"2020-09-02T17:13:31+00:00\",\"dateModified\":\"2022-11-03T18:06:13+00:00\",\"author\":{\"@id\":\"https:\/\/blog.real-trends.com\/br\/#\/schema\/person\/8028cc7a104c07f666d0a080fc2d69c7\"},\"description\":\"Planeje-se para vender mais no Mercado Livre durante a Black Friday e construir um relacionamento duradouro com clientes novos e antigos.\",\"breadcrumb\":{\"@id\":\"https:\/\/blog.real-trends.com\/br\/2020\/09\/02\/black-friday-estrategias-para-aumentar-suas-vendas-no-mercado-livre\/#breadcrumb\"},\"inLanguage\":\"pt-BR\",\"potentialAction\":[{\"@type\":\"ReadAction\",\"target\":[\"https:\/\/blog.real-trends.com\/br\/2020\/09\/02\/black-friday-estrategias-para-aumentar-suas-vendas-no-mercado-livre\/\"]}]},{\"@type\":\"ImageObject\",\"inLanguage\":\"pt-BR\",\"@id\":\"https:\/\/blog.real-trends.com\/br\/2020\/09\/02\/black-friday-estrategias-para-aumentar-suas-vendas-no-mercado-livre\/#primaryimage\",\"url\":\"https:\/\/blog.real-trends.com\/br\/wp-content\/uploads\/2020\/09\/Black-Friday-no-Mercado-Livre-Prepare-se-para-vender-mais.jpg\",\"contentUrl\":\"https:\/\/blog.real-trends.com\/br\/wp-content\/uploads\/2020\/09\/Black-Friday-no-Mercado-Livre-Prepare-se-para-vender-mais.jpg\",\"width\":1920,\"height\":1140,\"caption\":\"Black Friday no Mercado Livre - Prepare-se para vender mais\"},{\"@type\":\"BreadcrumbList\",\"@id\":\"https:\/\/blog.real-trends.com\/br\/2020\/09\/02\/black-friday-estrategias-para-aumentar-suas-vendas-no-mercado-livre\/#breadcrumb\",\"itemListElement\":[{\"@type\":\"ListItem\",\"position\":1,\"name\":\"In\u00edcio\",\"item\":\"https:\/\/blog.real-trends.com\/br\/\"},{\"@type\":\"ListItem\",\"position\":2,\"name\":\"Black Friday 2022: estrat\u00e9gias para se destacar no Mercado Livre\"}]},{\"@type\":\"WebSite\",\"@id\":\"https:\/\/blog.real-trends.com\/br\/#website\",\"url\":\"https:\/\/blog.real-trends.com\/br\/\",\"name\":\"Real Trends Blog\",\"description\":\"Tudo o que voc\u00ea precisa saber em um s\u00f3 lugar\",\"potentialAction\":[{\"@type\":\"SearchAction\",\"target\":{\"@type\":\"EntryPoint\",\"urlTemplate\":\"https:\/\/blog.real-trends.com\/br\/?s={search_term_string}\"},\"query-input\":{\"@type\":\"PropertyValueSpecification\",\"valueRequired\":true,\"valueName\":\"search_term_string\"}}],\"inLanguage\":\"pt-BR\"},{\"@type\":\"Person\",\"@id\":\"https:\/\/blog.real-trends.com\/br\/#\/schema\/person\/8028cc7a104c07f666d0a080fc2d69c7\",\"name\":\"Natasha\",\"image\":{\"@type\":\"ImageObject\",\"inLanguage\":\"pt-BR\",\"@id\":\"https:\/\/blog.real-trends.com\/br\/#\/schema\/person\/image\/\",\"url\":\"https:\/\/secure.gravatar.com\/avatar\/37e97461cc6d702f440074800df84f20?s=96&d=mm&r=g\",\"contentUrl\":\"https:\/\/secure.gravatar.com\/avatar\/37e97461cc6d702f440074800df84f20?s=96&d=mm&r=g\",\"caption\":\"Natasha\"},\"url\":\"https:\/\/blog.real-trends.com\/br\/author\/natasha\/\"}]}<\/script>\n<!-- \/ Yoast SEO plugin. -->","yoast_head_json":{"title":"Black Friday 2022: estrat\u00e9gias para se destacar no Mercado Livre","description":"Planeje-se para vender mais no Mercado Livre durante a Black Friday e construir um relacionamento duradouro com clientes novos e antigos.","robots":{"index":"index","follow":"follow","max-snippet":"max-snippet:-1","max-image-preview":"max-image-preview:large","max-video-preview":"max-video-preview:-1"},"canonical":"https:\/\/blog.real-trends.com\/br\/2020\/09\/02\/black-friday-estrategias-para-aumentar-suas-vendas-no-mercado-livre\/","og_locale":"pt_BR","og_type":"article","og_title":"Black Friday 2022: estrat\u00e9gias para se destacar no Mercado Livre","og_description":"Planeje-se para vender mais no Mercado Livre durante a Black Friday e construir um relacionamento duradouro com clientes novos e antigos.","og_url":"https:\/\/blog.real-trends.com\/br\/2020\/09\/02\/black-friday-estrategias-para-aumentar-suas-vendas-no-mercado-livre\/","og_site_name":"Real Trends Blog","article_published_time":"2020-09-02T17:13:31+00:00","article_modified_time":"2022-11-03T18:06:13+00:00","og_image":[{"width":1920,"height":1140,"url":"https:\/\/blog.real-trends.com\/br\/wp-content\/uploads\/2020\/09\/Black-Friday-no-Mercado-Livre-Prepare-se-para-vender-mais.jpg","type":"image\/jpeg"}],"author":"Natasha","twitter_card":"summary_large_image","twitter_misc":{"Escrito por":"Natasha","Est. tempo de leitura":"9 minutos"},"schema":{"@context":"https:\/\/schema.org","@graph":[{"@type":"WebPage","@id":"https:\/\/blog.real-trends.com\/br\/2020\/09\/02\/black-friday-estrategias-para-aumentar-suas-vendas-no-mercado-livre\/","url":"https:\/\/blog.real-trends.com\/br\/2020\/09\/02\/black-friday-estrategias-para-aumentar-suas-vendas-no-mercado-livre\/","name":"Black Friday 2022: estrat\u00e9gias para se destacar no Mercado Livre","isPartOf":{"@id":"https:\/\/blog.real-trends.com\/br\/#website"},"primaryImageOfPage":{"@id":"https:\/\/blog.real-trends.com\/br\/2020\/09\/02\/black-friday-estrategias-para-aumentar-suas-vendas-no-mercado-livre\/#primaryimage"},"image":{"@id":"https:\/\/blog.real-trends.com\/br\/2020\/09\/02\/black-friday-estrategias-para-aumentar-suas-vendas-no-mercado-livre\/#primaryimage"},"thumbnailUrl":"https:\/\/blog.real-trends.com\/br\/wp-content\/uploads\/2020\/09\/Black-Friday-no-Mercado-Livre-Prepare-se-para-vender-mais.jpg","datePublished":"2020-09-02T17:13:31+00:00","dateModified":"2022-11-03T18:06:13+00:00","author":{"@id":"https:\/\/blog.real-trends.com\/br\/#\/schema\/person\/8028cc7a104c07f666d0a080fc2d69c7"},"description":"Planeje-se para vender mais no Mercado Livre durante a Black Friday e construir um relacionamento duradouro com clientes novos e antigos.","breadcrumb":{"@id":"https:\/\/blog.real-trends.com\/br\/2020\/09\/02\/black-friday-estrategias-para-aumentar-suas-vendas-no-mercado-livre\/#breadcrumb"},"inLanguage":"pt-BR","potentialAction":[{"@type":"ReadAction","target":["https:\/\/blog.real-trends.com\/br\/2020\/09\/02\/black-friday-estrategias-para-aumentar-suas-vendas-no-mercado-livre\/"]}]},{"@type":"ImageObject","inLanguage":"pt-BR","@id":"https:\/\/blog.real-trends.com\/br\/2020\/09\/02\/black-friday-estrategias-para-aumentar-suas-vendas-no-mercado-livre\/#primaryimage","url":"https:\/\/blog.real-trends.com\/br\/wp-content\/uploads\/2020\/09\/Black-Friday-no-Mercado-Livre-Prepare-se-para-vender-mais.jpg","contentUrl":"https:\/\/blog.real-trends.com\/br\/wp-content\/uploads\/2020\/09\/Black-Friday-no-Mercado-Livre-Prepare-se-para-vender-mais.jpg","width":1920,"height":1140,"caption":"Black Friday no Mercado Livre - Prepare-se para vender mais"},{"@type":"BreadcrumbList","@id":"https:\/\/blog.real-trends.com\/br\/2020\/09\/02\/black-friday-estrategias-para-aumentar-suas-vendas-no-mercado-livre\/#breadcrumb","itemListElement":[{"@type":"ListItem","position":1,"name":"In\u00edcio","item":"https:\/\/blog.real-trends.com\/br\/"},{"@type":"ListItem","position":2,"name":"Black Friday 2022: estrat\u00e9gias para se destacar no Mercado Livre"}]},{"@type":"WebSite","@id":"https:\/\/blog.real-trends.com\/br\/#website","url":"https:\/\/blog.real-trends.com\/br\/","name":"Real Trends Blog","description":"Tudo o que voc\u00ea precisa saber em um s\u00f3 lugar","potentialAction":[{"@type":"SearchAction","target":{"@type":"EntryPoint","urlTemplate":"https:\/\/blog.real-trends.com\/br\/?s={search_term_string}"},"query-input":{"@type":"PropertyValueSpecification","valueRequired":true,"valueName":"search_term_string"}}],"inLanguage":"pt-BR"},{"@type":"Person","@id":"https:\/\/blog.real-trends.com\/br\/#\/schema\/person\/8028cc7a104c07f666d0a080fc2d69c7","name":"Natasha","image":{"@type":"ImageObject","inLanguage":"pt-BR","@id":"https:\/\/blog.real-trends.com\/br\/#\/schema\/person\/image\/","url":"https:\/\/secure.gravatar.com\/avatar\/37e97461cc6d702f440074800df84f20?s=96&d=mm&r=g","contentUrl":"https:\/\/secure.gravatar.com\/avatar\/37e97461cc6d702f440074800df84f20?s=96&d=mm&r=g","caption":"Natasha"},"url":"https:\/\/blog.real-trends.com\/br\/author\/natasha\/"}]}},"_links":{"self":[{"href":"https:\/\/blog.real-trends.com\/br\/wp-json\/wp\/v2\/posts\/2770","targetHints":{"allow":["GET"]}}],"collection":[{"href":"https:\/\/blog.real-trends.com\/br\/wp-json\/wp\/v2\/posts"}],"about":[{"href":"https:\/\/blog.real-trends.com\/br\/wp-json\/wp\/v2\/types\/post"}],"author":[{"embeddable":true,"href":"https:\/\/blog.real-trends.com\/br\/wp-json\/wp\/v2\/users\/29"}],"replies":[{"embeddable":true,"href":"https:\/\/blog.real-trends.com\/br\/wp-json\/wp\/v2\/comments?post=2770"}],"version-history":[{"count":18,"href":"https:\/\/blog.real-trends.com\/br\/wp-json\/wp\/v2\/posts\/2770\/revisions"}],"predecessor-version":[{"id":5199,"href":"https:\/\/blog.real-trends.com\/br\/wp-json\/wp\/v2\/posts\/2770\/revisions\/5199"}],"wp:featuredmedia":[{"embeddable":true,"href":"https:\/\/blog.real-trends.com\/br\/wp-json\/wp\/v2\/media\/4680"}],"wp:attachment":[{"href":"https:\/\/blog.real-trends.com\/br\/wp-json\/wp\/v2\/media?parent=2770"}],"wp:term":[{"taxonomy":"category","embeddable":true,"href":"https:\/\/blog.real-trends.com\/br\/wp-json\/wp\/v2\/categories?post=2770"},{"taxonomy":"post_tag","embeddable":true,"href":"https:\/\/blog.real-trends.com\/br\/wp-json\/wp\/v2\/tags?post=2770"}],"curies":[{"name":"wp","href":"https:\/\/api.w.org\/{rel}","templated":true}]}}