{"id":3786,"date":"2021-08-19T07:00:51","date_gmt":"2021-08-19T07:00:51","guid":{"rendered":"https:\/\/blog.real-trends.com\/br\/?p=3786"},"modified":"2021-09-15T15:20:51","modified_gmt":"2021-09-15T15:20:51","slug":"me-mei-epp-regime-geral-como-abrir-um-empresa","status":"publish","type":"post","link":"https:\/\/blog.real-trends.com\/br\/2021\/08\/19\/me-mei-epp-regime-geral-como-abrir-um-empresa\/","title":{"rendered":"ME, MEI, EPP, Regime Geral: como abrir uma empresa"},"content":{"rendered":"\n<p>Se chegou o momento de abrir uma empresa e regularizar o seu neg\u00f3cio, acredito que deve estar com mil perguntas na cabe\u00e7a, n\u00e3o \u00e9 mesmo? ME, MEI, EPP e Regime Geral: s\u00e3o tantas siglas que voc\u00ea se perde?<\/p>\n\n\n\n<figure class=\"wp-block-image size-large\"><img loading=\"lazy\" decoding=\"async\" width=\"1024\" height=\"608\" data-src=\"https:\/\/blog.real-trends.com\/br\/wp-content\/uploads\/2021\/08\/tudo-sobre-como-abrir-uma-empresa-1024x608.jpg\" alt=\"Como abrir uma empresa\" class=\"wp-image-3785 lazyload\" data-srcset=\"https:\/\/blog.real-trends.com\/br\/wp-content\/uploads\/2021\/08\/tudo-sobre-como-abrir-uma-empresa-1024x608.jpg 1024w, https:\/\/blog.real-trends.com\/br\/wp-content\/uploads\/2021\/08\/tudo-sobre-como-abrir-uma-empresa-300x178.jpg 300w, https:\/\/blog.real-trends.com\/br\/wp-content\/uploads\/2021\/08\/tudo-sobre-como-abrir-uma-empresa-768x456.jpg 768w, https:\/\/blog.real-trends.com\/br\/wp-content\/uploads\/2021\/08\/tudo-sobre-como-abrir-uma-empresa-1536x912.jpg 1536w, https:\/\/blog.real-trends.com\/br\/wp-content\/uploads\/2021\/08\/tudo-sobre-como-abrir-uma-empresa-700x416.jpg 700w, https:\/\/blog.real-trends.com\/br\/wp-content\/uploads\/2021\/08\/tudo-sobre-como-abrir-uma-empresa.jpg 1920w\" data-sizes=\"auto, (max-width: 1024px) 100vw, 1024px\" src=\"data:image\/gif;base64,R0lGODlhAQABAAAAACH5BAEKAAEALAAAAAABAAEAAAICTAEAOw==\" style=\"--smush-placeholder-width: 1024px; --smush-placeholder-aspect-ratio: 1024\/608;\" \/><noscript><img loading=\"lazy\" decoding=\"async\" width=\"1024\" height=\"608\" src=\"https:\/\/blog.real-trends.com\/br\/wp-content\/uploads\/2021\/08\/tudo-sobre-como-abrir-uma-empresa-1024x608.jpg\" alt=\"Como abrir uma empresa\" class=\"wp-image-3785\" srcset=\"https:\/\/blog.real-trends.com\/br\/wp-content\/uploads\/2021\/08\/tudo-sobre-como-abrir-uma-empresa-1024x608.jpg 1024w, https:\/\/blog.real-trends.com\/br\/wp-content\/uploads\/2021\/08\/tudo-sobre-como-abrir-uma-empresa-300x178.jpg 300w, https:\/\/blog.real-trends.com\/br\/wp-content\/uploads\/2021\/08\/tudo-sobre-como-abrir-uma-empresa-768x456.jpg 768w, https:\/\/blog.real-trends.com\/br\/wp-content\/uploads\/2021\/08\/tudo-sobre-como-abrir-uma-empresa-1536x912.jpg 1536w, https:\/\/blog.real-trends.com\/br\/wp-content\/uploads\/2021\/08\/tudo-sobre-como-abrir-uma-empresa-700x416.jpg 700w, https:\/\/blog.real-trends.com\/br\/wp-content\/uploads\/2021\/08\/tudo-sobre-como-abrir-uma-empresa.jpg 1920w\" sizes=\"auto, (max-width: 1024px) 100vw, 1024px\" \/><\/noscript><\/figure>\n\n\n<div class=\"vc_empty_space\" style=\"height: 20px;\">&nbsp;<\/div>\n\n\n<p>N\u00e3o se preocupe! A <a href=\"https:\/\/www.real-trends.com\/br\/\" target=\"_blank\" style=\"text-decoration: underline; color: #008AFF;\" rel=\"noopener noreferrer\">Real Trends<\/a> ajuda voc\u00ea nesse processo e conta o que significa cada uma delas.<\/p>\n\n\n<div class=\"vc_empty_space\" style=\"height: 20px\"><\/div>\n\n\n<h2 class=\"wp-block-heading\">Como abrir uma empresa<\/h2>\n\n\n<div class=\"vc_empty_space\" style=\"height: 20px\"><\/div>\n\n\n<p>Veja os principais tipos de empresa antes de abrir a sua e escolha o modelo de formaliza\u00e7\u00e3o ideal para voc\u00ea neste momento.<\/p>\n\n\n<div class=\"vc_empty_space\" style=\"height: 20px\"><\/div>\n\n\n<h2 class=\"wp-block-heading\">Como ser MEI (Microempreendedor Individual)<\/h2>\n\n\n<div class=\"vc_empty_space\" style=\"height: 20px\"><\/div>\n\n\n<p>Esse modelo \u00e9 um dos mais simples e voc\u00ea pode obter o seu CNPJ em 24 horas. Esse tipo de empresa \u00e9 voltado para aquelas que faturam at\u00e9 R$ 81 mil por ano, voc\u00ea ter\u00e1 acesso a produtos e servi\u00e7os banc\u00e1rios, paga uma taxa fixa mensal, n\u00e3o precisa de contador, pode <a href=\"https:\/\/blog.real-trends.com\/br\/2021\/02\/18\/como-emitir-nota-fiscal-no-mercado-livre\/\" target=\"_blank\" style=\"text-decoration: underline; color: #008AFF;\" rel=\"noopener noreferrer\">emitir nota fiscal<\/a>, tem acesso ao suporte t\u00e9cnico do SEBRAE, tem um custo fiscal baixo e ter\u00e1 CNPJ e alvar\u00e1 de funcionamento gr\u00e1tis.<\/p>\n\n\n<div class=\"vc_empty_space\" style=\"height: 20px\"><\/div>\n\n\n<p>Os requisitos para ser MEI s\u00e3o:<\/p>\n\n\n<div class=\"vc_empty_space\" style=\"height: 20px\"><\/div>\n\n\n<ul class=\"wp-block-list\"><li>Ter cadastro no portal de servi\u00e7os do Governo Federal.<\/li><li>Contar com RG, T\u00edtulo de eleitor ou Declara\u00e7\u00e3o de Imposto de Renda, dados de contato e endere\u00e7o residencial em dia.<\/li><li>Disponibilizar informa\u00e7\u00f5es sobre o seu neg\u00f3cio, como tipo de atividade econ\u00f4mica que realiza, forma de atua\u00e7\u00e3o e local do neg\u00f3cio.<\/li><\/ul>\n\n\n<div class=\"vc_empty_space\" style=\"height: 20px\"><\/div>\n\n\n<h3 class=\"wp-block-heading\">Como ser MEI (Microempreendedor Individual)<\/h3>\n\n\n<div class=\"vc_empty_space\" style=\"height: 20px\"><\/div>\n\n\n<ul class=\"wp-block-list\"><li>Verifique se o seu neg\u00f3cio consta na lista de atividades permitidas.<\/li><li>Selecione a op\u00e7\u00e3o \u2018Formalize-se\u2019 no portal do empreendedor.<\/li><li>Insira o dado solicitado e clique em \u2018Avan\u00e7ar\u2019.<\/li><li>Preencha seu n\u00famero de DIRPF, que \u00e9 a Declara\u00e7\u00e3o de Imposto de Renda pessoa f\u00edsica, ou o n\u00famero do T\u00edtulo de eleitor.<\/li><li>Na se\u00e7\u00e3o \u2018Nova inscri\u00e7\u00e3o\u2019, confira se os dados est\u00e3o corretos.<\/li><li>Preencha os demais dados pedidos.<\/li><li>Confira todas as informa\u00e7\u00f5es em \u2018Confer\u00eancia de dados\u2019.<\/li><li>Com tudo certo, confirme o cadastro ao informar o c\u00f3digo enviado por SMS.<\/li><\/ul>\n\n\n<div class=\"vc_empty_space\" style=\"height: 20px\"><\/div>\n\n\n<p>Vale ressaltar que se a sua empresa estiver localizada no Par\u00e1, Paran\u00e1, Rio de Janeiro ou Rio Grande do Sul n\u00e3o ser\u00e1 poss\u00edvel emitir a nota fiscal. Nesse caso, ser\u00e1 necess\u00e1rio emitir uma Nota Fiscal Avulsa, a NFA (modelo 55).<\/p>\n\n\n\n<style>\n.contenedor-banner-news {\nbackground-color: #fbfbfb;\nbox-shadow: 0px 0px 8px 0px rgba(0,8,0,0.16);\nmargin: 24px 0px;\n}\n.banner-news-info {\ndisplay: grid;\ngrid-template-columns: auto 1fr;\npadding: 24px 40px;\ncolumn-gap: 16px;\nalign-items: center;\n}\n.banner-news-info img {\nmax-width: 52px;\n}\n.banner-news-info h2 {\nfont-size: 20px;\nline-height: 23.5px;\npadding-bottom: 4px;\n}\n.banner-news-info p {\nfont-size: 14px;\nline-height: 17px;\n}\n.banner-news-form {\nbackground-color: #9ce5d3;\npadding: 24px 40px;\n}\n.banner-news-form div.frm_fields_container {\ndisplay: grid;\ngrid-template-columns: 1fr 1fr auto;\n}\n.banner-news-form .frm_fields_container #frm_field_7_container {\ngrid-column: 1\/2;\n}\n.banner-news-form .frm_fields_container #frm_field_8_container {\ngrid-column: 2\/3;\n}\n.banner-news-form .frm_fields_container .frm_submit {\ngrid-column: 3\/4;\n}\n.banner-news-form .frm_fields_container .frm_submit button.frm_button_submit {\nmargin-top: 3px;\n}\n.banner-news-form .with_frm_style .frm_form_fields > fieldset {\npadding: 0;\n}\n.banner-news-form .frm_style_formidable-style.with_frm_style .frm_error {\n    color: #f04e54;\n}\n.banner-news-form .frm_style_formidable-style.with_frm_style .frm_message p {\n    font-size: 16px;\n}\n@media screen and (max-width: 768px) {\n.banner-news-info {\ngrid-template-columns: 1fr;\npadding: 24px 28px;\n}\n.banner-news-form {\npadding: 24px 28px;\n}\n.banner-news-info h2 {\npadding: 4px 0px 8px 0px;\n}\n}\n<\/style>\n<div class=\"contenedor-banner-news\">\n<div class=\"banner-news-info\">\n<img decoding=\"async\" data-src=\"https:\/\/blog.real-trends.com\/br\/wp-content\/uploads\/2020\/06\/popup-ico2.png\" alt=\"N\u00e3o ao spam\" src=\"data:image\/gif;base64,R0lGODlhAQABAAAAACH5BAEKAAEALAAAAAABAAEAAAICTAEAOw==\" class=\"lazyload\" style=\"--smush-placeholder-width: 200px; --smush-placeholder-aspect-ratio: 200\/200;\"><noscript><img decoding=\"async\" src=\"https:\/\/blog.real-trends.com\/br\/wp-content\/uploads\/2020\/06\/popup-ico2.png\" alt=\"N\u00e3o ao spam\"><\/noscript>\n<div>\n<h2>Inscreva-se na nossa newsletter<\/h2>\n<p>Receba tudo o que acontece no Mercado Livre e no mundo do e-commerce direto no seu e-mail.<\/p>\n<\/div>\n<\/div>\n<div class=\"banner-news-form\">\n<link rel='stylesheet' id='formidable-css' href='https:\/\/blog.real-trends.com\/br\/wp-content\/plugins\/formidable\/css\/formidableforms.css?ver=11281736' type='text\/css' media='all' \/>\n<div class=\"frm_forms  with_frm_style frm_style_formidable-style\" id=\"frm_form_4_container\" >\n<form enctype=\"multipart\/form-data\" method=\"post\" class=\"frm-show-form \" id=\"form_newsletter-brasil-notas\" >\n<div class=\"frm_form_fields \">\n<fieldset>\n<legend class=\"frm_screen_reader\">Newsletter Brasil Notas<\/legend>\r\n\r\n<div class=\"frm_fields_container\">\n<input type=\"hidden\" name=\"frm_action\" value=\"create\" \/>\n<input type=\"hidden\" name=\"form_id\" value=\"4\" \/>\n<input type=\"hidden\" name=\"frm_hide_fields_4\" id=\"frm_hide_fields_4\" value=\"\" \/>\n<input type=\"hidden\" name=\"form_key\" value=\"newsletter-brasil-notas\" \/>\n<input type=\"hidden\" name=\"item_meta[0]\" value=\"\" \/>\n<input type=\"hidden\" id=\"frm_submit_entry_4\" name=\"frm_submit_entry_4\" value=\"847176ec63\" \/><input type=\"hidden\" name=\"_wp_http_referer\" value=\"\/br\/wp-json\/wp\/v2\/posts\/3786\" \/><div id=\"frm_field_7_container\" class=\"frm_form_field form-field  frm_required_field frm_top_container frm_full\">\r\n    <label for=\"field_nome2f57e4e9006dcf2f434ed821df47f9\" id=\"field_nome2f57e4e9006dcf2f434ed821df47f9_label\" class=\"frm_primary_label\">\r\n        <span class=\"frm_required\"><\/span>\r\n    <\/label>\r\n    <input type=\"text\" id=\"field_nome2f57e4e9006dcf2f434ed821df47f9\" name=\"item_meta[7]\" value=\"\"  placeholder=\"Nome\" data-reqmsg=\"Complete este dado.\" aria-required=\"true\" data-invmsg=\"Text is invalid\" aria-invalid=\"false\"  \/>\r\n    \r\n    \r\n<\/div>\n<div id=\"frm_field_8_container\" class=\"frm_form_field form-field  frm_required_field frm_top_container frm_full\">\r\n    <label for=\"field_e-mail6ba45c4f5758229f4e0\" id=\"field_e-mail6ba45c4f5758229f4e0_label\" class=\"frm_primary_label\">\r\n        <span class=\"frm_required\"><\/span>\r\n    <\/label>\r\n    <input type=\"email\" id=\"field_e-mail6ba45c4f5758229f4e0\" name=\"item_meta[8]\" value=\"\"  placeholder=\"E-mail\" data-reqmsg=\"Complete este dado.\" aria-required=\"true\" data-invmsg=\"Verifique seu e-mail.\" aria-invalid=\"false\"  \/>\r\n    \r\n    \r\n<\/div>\n<div id=\"frm_field_11_container\" class=\"frm_form_field form-field \">\n\t<div class=\"frm_submit\">\r\n\r\n<button class=\"frm_button_submit\" type=\"submit\"  >Quero receber<\/button>\r\n\r\n<\/div>\n<\/div>\n\t<input type=\"hidden\" name=\"item_key\" value=\"\" \/>\n\t<\/div>\n<\/fieldset>\n<\/div>\n\n<\/form>\n<\/div>\n\n<\/div>\n<\/div>\n\n\n<div class=\"vc_empty_space\" style=\"height: 20px;\">&nbsp;<\/div>\n\n\n<h2 class=\"wp-block-heading\">Como abrir empresa EPP (Empresa de Pequeno Porte)<\/h2>\n\n\n<div class=\"vc_empty_space\" style=\"height: 20px\"><\/div>\n\n\n<p>Esse tipo de empresa \u00e9 destinado para aquelas que faturam entre R$ 360 mil e R$ 4,8 milh\u00f5es ao ano. Nesse caso, a abertura da empresa leva cerca de 45 dias e voc\u00ea precisar\u00e1 da ajuda de um contador.<\/p>\n\n\n<div class=\"vc_empty_space\" style=\"height: 20px\"><\/div>\n\n\n<p>Ao se tornar uma EPP (Empresa de Pequeno Porte), voc\u00ea tem acesso a produtos e servi\u00e7os banc\u00e1rios, pode aderir ao Simples Nacional, paga os impostos proporcionalmente ao tamanho do seu neg\u00f3cio e pode participar de licita\u00e7\u00f5es.<\/p>\n\n\n<div class=\"vc_empty_space\" style=\"height: 20px\"><\/div>\n\n\n<p>Voc\u00ea pode optar ser:<\/p>\n\n\n<div class=\"vc_empty_space\" style=\"height: 20px\"><\/div>\n\n\n<p><strong>Empres\u00e1rio Individual (EI):<\/strong> no qual exerce atividade comercial no seu nome, sem s\u00f3cios. \u00c9 preciso ter Cadastro no Registro P\u00fablico de Empresas Mercantis (Junta Comercial) antes de iniciar suas atividades.<\/p>\n\n\n<div class=\"vc_empty_space\" style=\"height: 20px\"><\/div>\n\n\n<p><strong>Empresa Individual de Responsabilidade Limitada (EIRELI):<\/strong> em que atua de forma individual, tamb\u00e9m sem s\u00f3cios e deve ter capital integral de pelo menos 100 sal\u00e1rios m\u00ednimos.<\/p>\n\n\n<div class=\"vc_empty_space\" style=\"height: 20px\"><\/div>\n\n\n<p><strong>Sociedade Limitada (LTDA.):<\/strong> pode ter s\u00f3cios, aos quais poder\u00e3o responder com seus bens pessoais caso seja comprovado tentativa de estelionato, sonega\u00e7\u00e3o fiscal etc. Al\u00e9m disso, a sociedade tem como fim o exerc\u00edcio das atividades pr\u00f3prias do empres\u00e1rio.<\/p>\n\n\n<div class=\"vc_empty_space\" style=\"height: 20px\"><\/div>\n\n\n<p><strong>Sociedade Limitada Unipessoal:<\/strong> pode ter apenas um s\u00f3cio, cuja sociedade \u00e9 voltada para o exerc\u00edcio das atividades pr\u00f3prias do empres\u00e1rio, e os s\u00f3cios poder\u00e3o responder com seus bens pessoais caso seja comprovado tentativa de estelionato, sonega\u00e7\u00e3o fiscal etc.<\/p>\n\n\n<div class=\"vc_empty_space\" style=\"height: 20px\"><\/div>\n\n\n<p>Os requisitos para ser EPP s\u00e3o:<\/p>\n\n\n<div class=\"vc_empty_space\" style=\"height: 20px\"><\/div>\n\n\n<ul class=\"wp-block-list\"><li>N\u00e3o ter d\u00e9bitos com o INSS.<\/li><li>N\u00e3o ser regulamentado nos registros fiscais.<\/li><li>N\u00e3o contar com s\u00f3cios fora do Brasil.<\/li><li>N\u00e3o dispor de capital em \u00f3rg\u00e3os p\u00fablicos.<\/li><li>N\u00e3o ser uma cooperativa nem ter filiais ou subsidi\u00e1rias no exterior.<\/li><\/ul>\n\n\n<div class=\"vc_empty_space\" style=\"height: 20px\"><\/div>\n\n\n<h3 class=\"wp-block-heading\">Como ser EPP (Empresa de Pequeno Porte)<\/h3>\n\n\n<div class=\"vc_empty_space\" style=\"height: 20px\"><\/div>\n\n\n<p>Para iniciar o processo de abertura de empresa \u00e9 necess\u00e1rio mostrar um documento de identidade e CPF, apresentar o IPTU do im\u00f3vel onde ir\u00e1 funcionar a empresa, informar se ter\u00e1 s\u00f3cios ou n\u00e3o, dizer qual ser\u00e1 o ramo de atividade e contratar um contador.&nbsp;<\/p>\n\n\n<div class=\"vc_empty_space\" style=\"height: 20px\"><\/div>\n\n\n<p>Feito isso, chegou a hora das seguintes etapas:<\/p>\n\n\n<div class=\"vc_empty_space\" style=\"height: 20px\"><\/div>\n\n\n<p><strong>Avalia\u00e7\u00e3o de viabilidade<\/strong>: an\u00e1lise feita pela prefeitura para verificar os dados e o ramo da sua empresa.<\/p>\n\n\n\n<p><strong>Emiss\u00e3o do Documento B\u00e1sico de Entrada (DBE)<\/strong>: nessa fase a Receita Federal e a SEFAZ checam os dados analisados pela prefeitura. Com tudo certo, o documento \u00e9 enviado para a Junta Comercial.<\/p>\n\n\n\n<p><strong>Preenchimento de dados na Junta Comercial:<\/strong> por fim, voc\u00ea ter\u00e1 que preencher alguns dados e apresentar a documenta\u00e7\u00e3o referente ao empres\u00e1rio, s\u00f3cios ou de quem ir\u00e1 administrar, entre outros documentos.<\/p>\n\n\n<div class=\"vc_empty_space\" style=\"height: 20px\"><\/div>\n\n\n<h2 class=\"wp-block-heading\">Como abrir empresa ME (Microempresa)<\/h2>\n\n\n<div class=\"vc_empty_space\" style=\"height: 20px\"><\/div>\n\n\n<p>O ME \u00e9 indicado para neg\u00f3cios com faturamento de at\u00e9 R$ 360 mil ao ano. A abertura da empresa leva em m\u00e9dia 45 dias e \u00e9 necess\u00e1rio um contador para ajudar nos tr\u00e2mites.<\/p>\n\n\n<div class=\"vc_empty_space\" style=\"height: 20px\"><\/div>\n\n\n<p>Ao escolher por esse modelo, voc\u00ea contar\u00e1 com acesso a produtos e servi\u00e7os banc\u00e1rios, poder\u00e1 aderir ao Simples Nacional, o pagamento de impostos s\u00e3o proporcionais ao tamanho do neg\u00f3cio e poder\u00e1 participar de licita\u00e7\u00f5es.<\/p>\n\n\n<div class=\"vc_empty_space\" style=\"height: 20px\"><\/div>\n\n\n<p>Os requisitos para ser ME s\u00e3o:<\/p>\n\n\n<div class=\"vc_empty_space\" style=\"height: 20px\"><\/div>\n\n\n<ul class=\"wp-block-list\"><li>N\u00e3o ter d\u00e9bito com o INSS.<\/li><li>N\u00e3o ser regulamentado nos registros fiscais.<\/li><li>N\u00e3o contar com s\u00f3cios fora do Brasil.<\/li><li>N\u00e3o ter capital em \u00f3rg\u00e3os p\u00fablicos<\/li><li>N\u00e3o ser uma cooperativa nem ter filiais ou subsidi\u00e1rias no exterior.<\/li><\/ul>\n\n\n<div class=\"vc_empty_space\" style=\"height: 20px\"><\/div>\n\n\n<h3 class=\"wp-block-heading\">Como ser ME (Microempresa)<\/h3>\n\n\n<div class=\"vc_empty_space\" style=\"height: 20px\"><\/div>\n\n\n<p>A primeira etapa \u00e9 igual a da EPP: apresentar um documento de identidade e CPF, mostrar o IPTU do im\u00f3vel onde ir\u00e1 funcionar a empresa, informar se ter\u00e1 s\u00f3cios ou n\u00e3o, dizer qual ser\u00e1 o ramo de atividade e contratar um contador.&nbsp;<\/p>\n\n\n<div class=\"vc_empty_space\" style=\"height: 20px\"><\/div>\n\n\n<p>As pr\u00f3ximas etapas s\u00e3o:<\/p>\n\n\n<div class=\"vc_empty_space\" style=\"height: 20px\"><\/div>\n\n\n<ul class=\"wp-block-list\"><li>Contar com um contador de confian\u00e7a e pagar pelas taxas do alvar\u00e1 de funcionamento e para a Junta Comercial.<\/li><li>Preencher o cadastro com dados pessoais e da empresa.<\/li><li>Esperar pela elabora\u00e7\u00e3o do contrato social e demais documentos.&nbsp;<\/li><li>Emitir o alvar\u00e1 e enquadramento no Simples Nacional.<\/li><\/ul>\n\n\n<div class=\"vc_empty_space\" style=\"height: 20px\"><\/div>\n\n\n<h2 class=\"wp-block-heading\">Como abrir empresa em Regime Geral<\/h2>\n\n\n<div class=\"vc_empty_space\" style=\"height: 20px\"><\/div>\n\n\n<p>Se voc\u00ea n\u00e3o se enquadra nas modalidades citadas acima, o indicado \u00e9 abrir a sua empresa sob o Regime Geral. Nesse caso, um sistema define a cobran\u00e7a de impostos para cada empresa, segundo a sua arrecada\u00e7\u00e3o e regime tribut\u00e1rio.&nbsp;<\/p>\n\n\n<div class=\"vc_empty_space\" style=\"height: 20px\"><\/div>\n\n\n<p>Tamb\u00e9m \u00e9 necess\u00e1rio contratar um contador e a abertura da empresa pode levar aproximadamente 45 dias.<\/p>\n\n\n<div class=\"vc_empty_space\" style=\"height: 20px\"><\/div>\n\n\n<p>Os tipos de empresas que se enquadram nesse modelo s\u00e3o:<\/p>\n\n\n<div class=\"vc_empty_space\" style=\"height: 20px\"><\/div>\n\n\n<ul class=\"wp-block-list\"><li>Empres\u00e1rio Individual (EI)<\/li><li>Empresa Individual de Responsabilidade Limitada (EIRELI)<\/li><li>Sociedade Limitada (LTDA.)<\/li><li>Sociedade Limitada Unipessoal<\/li><\/ul>\n\n\n<div class=\"vc_empty_space\" style=\"height: 20px\"><\/div>\n\n\n<p>Ao optar pelo Regime Geral tamb\u00e9m ser\u00e1 necess\u00e1rio apresentar um documento de identidade e CPF, mostrar o IPTU do im\u00f3vel onde ir\u00e1 funcionar a empresa, informar se atuar\u00e1 individualmente ou n\u00e3o e o ramo de atividade.&nbsp;<\/p>\n\n\n<div class=\"vc_empty_space\" style=\"height: 20px\"><\/div>\n\n\n<h3 class=\"wp-block-heading\">Como atuar no Regime Geral<\/h3>\n\n\n<div class=\"vc_empty_space\" style=\"height: 20px\"><\/div>\n\n\n<p>As etapas s\u00e3o as seguintes:<\/p>\n\n\n<div class=\"vc_empty_space\" style=\"height: 20px\"><\/div>\n\n\n<p><strong>Avalia\u00e7\u00e3o de viabilidade:<\/strong> a prefeitura analisa os dados e o ramo da sua empresa.<\/p>\n\n\n\n<p><strong>Emiss\u00e3o do Documento B\u00e1sico de Entrada (DBE):<\/strong> a Receita Federal e a SEFAZ s\u00e3o respons\u00e1veis por verificar os dados analisados pela prefeitura e enviar o documento para a Junta Comercial.<\/p>\n\n\n\n<p><strong>Preenchimento de dados na Junta Comercial:<\/strong> voc\u00ea preenche alguns dados e apresenta toda a documenta\u00e7\u00e3o necess\u00e1ria.<\/p>\n\n\n<div class=\"vc_empty_space\" style=\"height: 20px\"><\/div>\n\n\n<p>Com todas essas op\u00e7\u00f5es, \u00e9 importante avaliar o seu momento para identificar em qual modalidade a sua empresa se enquadra e formalizar o seu neg\u00f3cio.<\/p>\n\n\n","protected":false},"excerpt":{"rendered":"<p>Conhe\u00e7a os principais modelos de empresas e escolha o ideal para formalizar o seu neg\u00f3cio neste momento.<\/p>\n","protected":false},"author":29,"featured_media":3785,"comment_status":"open","ping_status":"open","sticky":false,"template":"","format":"standard","meta":{"_monsterinsights_skip_tracking":false,"_monsterinsights_sitenote_active":false,"_monsterinsights_sitenote_note":"","_monsterinsights_sitenote_category":0,"footnotes":""},"categories":[125],"tags":[],"class_list":["post-3786","post","type-post","status-publish","format-standard","has-post-thumbnail","hentry","category-dicas-para-vender-mais"],"yoast_head":"<!-- This site is optimized with the Yoast SEO plugin v23.9 - https:\/\/yoast.com\/wordpress\/plugins\/seo\/ -->\n<title>ME, MEI, EPP, Regime Geral: como abrir um empresa<\/title>\n<meta name=\"description\" content=\"Falta pouco paravoc\u00ea abrir a sua empresa! Conhe\u00e7a os principais modelos de empresas e escolha o ideal para formalizar o seu neg\u00f3cio neste momento.\" \/>\n<meta name=\"robots\" content=\"index, follow, max-snippet:-1, max-image-preview:large, max-video-preview:-1\" \/>\n<link rel=\"canonical\" href=\"https:\/\/blog.real-trends.com\/br\/2021\/08\/19\/me-mei-epp-regime-geral-como-abrir-um-empresa\/\" \/>\n<meta property=\"og:locale\" content=\"pt_BR\" \/>\n<meta property=\"og:type\" content=\"article\" \/>\n<meta property=\"og:title\" content=\"ME, MEI, EPP, Regime Geral: como abrir um empresa\" \/>\n<meta property=\"og:description\" content=\"Falta pouco paravoc\u00ea abrir a sua empresa! Conhe\u00e7a os principais modelos de empresas e escolha o ideal para formalizar o seu neg\u00f3cio neste momento.\" \/>\n<meta property=\"og:url\" content=\"https:\/\/blog.real-trends.com\/br\/2021\/08\/19\/me-mei-epp-regime-geral-como-abrir-um-empresa\/\" \/>\n<meta property=\"og:site_name\" content=\"Real Trends Blog\" \/>\n<meta property=\"article:published_time\" content=\"2021-08-19T07:00:51+00:00\" \/>\n<meta property=\"article:modified_time\" content=\"2021-09-15T15:20:51+00:00\" \/>\n<meta property=\"og:image\" content=\"https:\/\/blog.real-trends.com\/br\/wp-content\/uploads\/2021\/08\/tudo-sobre-como-abrir-uma-empresa.jpg\" \/>\n\t<meta property=\"og:image:width\" content=\"1920\" \/>\n\t<meta property=\"og:image:height\" content=\"1140\" \/>\n\t<meta property=\"og:image:type\" content=\"image\/jpeg\" \/>\n<meta name=\"author\" content=\"Natasha\" \/>\n<meta name=\"twitter:card\" content=\"summary_large_image\" \/>\n<meta name=\"twitter:label1\" content=\"Escrito por\" \/>\n\t<meta name=\"twitter:data1\" content=\"Natasha\" \/>\n\t<meta name=\"twitter:label2\" content=\"Est. tempo de leitura\" \/>\n\t<meta name=\"twitter:data2\" content=\"7 minutos\" \/>\n<script type=\"application\/ld+json\" class=\"yoast-schema-graph\">{\"@context\":\"https:\/\/schema.org\",\"@graph\":[{\"@type\":\"WebPage\",\"@id\":\"https:\/\/blog.real-trends.com\/br\/2021\/08\/19\/me-mei-epp-regime-geral-como-abrir-um-empresa\/\",\"url\":\"https:\/\/blog.real-trends.com\/br\/2021\/08\/19\/me-mei-epp-regime-geral-como-abrir-um-empresa\/\",\"name\":\"ME, MEI, EPP, Regime Geral: como abrir um empresa\",\"isPartOf\":{\"@id\":\"https:\/\/blog.real-trends.com\/br\/#website\"},\"primaryImageOfPage\":{\"@id\":\"https:\/\/blog.real-trends.com\/br\/2021\/08\/19\/me-mei-epp-regime-geral-como-abrir-um-empresa\/#primaryimage\"},\"image\":{\"@id\":\"https:\/\/blog.real-trends.com\/br\/2021\/08\/19\/me-mei-epp-regime-geral-como-abrir-um-empresa\/#primaryimage\"},\"thumbnailUrl\":\"https:\/\/blog.real-trends.com\/br\/wp-content\/uploads\/2021\/08\/tudo-sobre-como-abrir-uma-empresa.jpg\",\"datePublished\":\"2021-08-19T07:00:51+00:00\",\"dateModified\":\"2021-09-15T15:20:51+00:00\",\"author\":{\"@id\":\"https:\/\/blog.real-trends.com\/br\/#\/schema\/person\/8028cc7a104c07f666d0a080fc2d69c7\"},\"description\":\"Falta pouco paravoc\u00ea abrir a sua empresa! Conhe\u00e7a os principais modelos de empresas e escolha o ideal para formalizar o seu neg\u00f3cio neste momento.\",\"breadcrumb\":{\"@id\":\"https:\/\/blog.real-trends.com\/br\/2021\/08\/19\/me-mei-epp-regime-geral-como-abrir-um-empresa\/#breadcrumb\"},\"inLanguage\":\"pt-BR\",\"potentialAction\":[{\"@type\":\"ReadAction\",\"target\":[\"https:\/\/blog.real-trends.com\/br\/2021\/08\/19\/me-mei-epp-regime-geral-como-abrir-um-empresa\/\"]}]},{\"@type\":\"ImageObject\",\"inLanguage\":\"pt-BR\",\"@id\":\"https:\/\/blog.real-trends.com\/br\/2021\/08\/19\/me-mei-epp-regime-geral-como-abrir-um-empresa\/#primaryimage\",\"url\":\"https:\/\/blog.real-trends.com\/br\/wp-content\/uploads\/2021\/08\/tudo-sobre-como-abrir-uma-empresa.jpg\",\"contentUrl\":\"https:\/\/blog.real-trends.com\/br\/wp-content\/uploads\/2021\/08\/tudo-sobre-como-abrir-uma-empresa.jpg\",\"width\":1920,\"height\":1140,\"caption\":\"Como abrir uma empresa\"},{\"@type\":\"BreadcrumbList\",\"@id\":\"https:\/\/blog.real-trends.com\/br\/2021\/08\/19\/me-mei-epp-regime-geral-como-abrir-um-empresa\/#breadcrumb\",\"itemListElement\":[{\"@type\":\"ListItem\",\"position\":1,\"name\":\"In\u00edcio\",\"item\":\"https:\/\/blog.real-trends.com\/br\/\"},{\"@type\":\"ListItem\",\"position\":2,\"name\":\"ME, MEI, EPP, Regime Geral: como abrir uma empresa\"}]},{\"@type\":\"WebSite\",\"@id\":\"https:\/\/blog.real-trends.com\/br\/#website\",\"url\":\"https:\/\/blog.real-trends.com\/br\/\",\"name\":\"Real Trends Blog\",\"description\":\"Tudo o que voc\u00ea precisa saber em um s\u00f3 lugar\",\"potentialAction\":[{\"@type\":\"SearchAction\",\"target\":{\"@type\":\"EntryPoint\",\"urlTemplate\":\"https:\/\/blog.real-trends.com\/br\/?s={search_term_string}\"},\"query-input\":{\"@type\":\"PropertyValueSpecification\",\"valueRequired\":true,\"valueName\":\"search_term_string\"}}],\"inLanguage\":\"pt-BR\"},{\"@type\":\"Person\",\"@id\":\"https:\/\/blog.real-trends.com\/br\/#\/schema\/person\/8028cc7a104c07f666d0a080fc2d69c7\",\"name\":\"Natasha\",\"image\":{\"@type\":\"ImageObject\",\"inLanguage\":\"pt-BR\",\"@id\":\"https:\/\/blog.real-trends.com\/br\/#\/schema\/person\/image\/\",\"url\":\"https:\/\/secure.gravatar.com\/avatar\/37e97461cc6d702f440074800df84f20?s=96&d=mm&r=g\",\"contentUrl\":\"https:\/\/secure.gravatar.com\/avatar\/37e97461cc6d702f440074800df84f20?s=96&d=mm&r=g\",\"caption\":\"Natasha\"},\"url\":\"https:\/\/blog.real-trends.com\/br\/author\/natasha\/\"}]}<\/script>\n<!-- \/ Yoast SEO plugin. -->","yoast_head_json":{"title":"ME, MEI, EPP, Regime Geral: como abrir um empresa","description":"Falta pouco paravoc\u00ea abrir a sua empresa! Conhe\u00e7a os principais modelos de empresas e escolha o ideal para formalizar o seu neg\u00f3cio neste momento.","robots":{"index":"index","follow":"follow","max-snippet":"max-snippet:-1","max-image-preview":"max-image-preview:large","max-video-preview":"max-video-preview:-1"},"canonical":"https:\/\/blog.real-trends.com\/br\/2021\/08\/19\/me-mei-epp-regime-geral-como-abrir-um-empresa\/","og_locale":"pt_BR","og_type":"article","og_title":"ME, MEI, EPP, Regime Geral: como abrir um empresa","og_description":"Falta pouco paravoc\u00ea abrir a sua empresa! Conhe\u00e7a os principais modelos de empresas e escolha o ideal para formalizar o seu neg\u00f3cio neste momento.","og_url":"https:\/\/blog.real-trends.com\/br\/2021\/08\/19\/me-mei-epp-regime-geral-como-abrir-um-empresa\/","og_site_name":"Real Trends Blog","article_published_time":"2021-08-19T07:00:51+00:00","article_modified_time":"2021-09-15T15:20:51+00:00","og_image":[{"width":1920,"height":1140,"url":"https:\/\/blog.real-trends.com\/br\/wp-content\/uploads\/2021\/08\/tudo-sobre-como-abrir-uma-empresa.jpg","type":"image\/jpeg"}],"author":"Natasha","twitter_card":"summary_large_image","twitter_misc":{"Escrito por":"Natasha","Est. tempo de leitura":"7 minutos"},"schema":{"@context":"https:\/\/schema.org","@graph":[{"@type":"WebPage","@id":"https:\/\/blog.real-trends.com\/br\/2021\/08\/19\/me-mei-epp-regime-geral-como-abrir-um-empresa\/","url":"https:\/\/blog.real-trends.com\/br\/2021\/08\/19\/me-mei-epp-regime-geral-como-abrir-um-empresa\/","name":"ME, MEI, EPP, Regime Geral: como abrir um empresa","isPartOf":{"@id":"https:\/\/blog.real-trends.com\/br\/#website"},"primaryImageOfPage":{"@id":"https:\/\/blog.real-trends.com\/br\/2021\/08\/19\/me-mei-epp-regime-geral-como-abrir-um-empresa\/#primaryimage"},"image":{"@id":"https:\/\/blog.real-trends.com\/br\/2021\/08\/19\/me-mei-epp-regime-geral-como-abrir-um-empresa\/#primaryimage"},"thumbnailUrl":"https:\/\/blog.real-trends.com\/br\/wp-content\/uploads\/2021\/08\/tudo-sobre-como-abrir-uma-empresa.jpg","datePublished":"2021-08-19T07:00:51+00:00","dateModified":"2021-09-15T15:20:51+00:00","author":{"@id":"https:\/\/blog.real-trends.com\/br\/#\/schema\/person\/8028cc7a104c07f666d0a080fc2d69c7"},"description":"Falta pouco paravoc\u00ea abrir a sua empresa! Conhe\u00e7a os principais modelos de empresas e escolha o ideal para formalizar o seu neg\u00f3cio neste momento.","breadcrumb":{"@id":"https:\/\/blog.real-trends.com\/br\/2021\/08\/19\/me-mei-epp-regime-geral-como-abrir-um-empresa\/#breadcrumb"},"inLanguage":"pt-BR","potentialAction":[{"@type":"ReadAction","target":["https:\/\/blog.real-trends.com\/br\/2021\/08\/19\/me-mei-epp-regime-geral-como-abrir-um-empresa\/"]}]},{"@type":"ImageObject","inLanguage":"pt-BR","@id":"https:\/\/blog.real-trends.com\/br\/2021\/08\/19\/me-mei-epp-regime-geral-como-abrir-um-empresa\/#primaryimage","url":"https:\/\/blog.real-trends.com\/br\/wp-content\/uploads\/2021\/08\/tudo-sobre-como-abrir-uma-empresa.jpg","contentUrl":"https:\/\/blog.real-trends.com\/br\/wp-content\/uploads\/2021\/08\/tudo-sobre-como-abrir-uma-empresa.jpg","width":1920,"height":1140,"caption":"Como abrir uma empresa"},{"@type":"BreadcrumbList","@id":"https:\/\/blog.real-trends.com\/br\/2021\/08\/19\/me-mei-epp-regime-geral-como-abrir-um-empresa\/#breadcrumb","itemListElement":[{"@type":"ListItem","position":1,"name":"In\u00edcio","item":"https:\/\/blog.real-trends.com\/br\/"},{"@type":"ListItem","position":2,"name":"ME, MEI, EPP, Regime Geral: como abrir uma empresa"}]},{"@type":"WebSite","@id":"https:\/\/blog.real-trends.com\/br\/#website","url":"https:\/\/blog.real-trends.com\/br\/","name":"Real Trends Blog","description":"Tudo o que voc\u00ea precisa saber em um s\u00f3 lugar","potentialAction":[{"@type":"SearchAction","target":{"@type":"EntryPoint","urlTemplate":"https:\/\/blog.real-trends.com\/br\/?s={search_term_string}"},"query-input":{"@type":"PropertyValueSpecification","valueRequired":true,"valueName":"search_term_string"}}],"inLanguage":"pt-BR"},{"@type":"Person","@id":"https:\/\/blog.real-trends.com\/br\/#\/schema\/person\/8028cc7a104c07f666d0a080fc2d69c7","name":"Natasha","image":{"@type":"ImageObject","inLanguage":"pt-BR","@id":"https:\/\/blog.real-trends.com\/br\/#\/schema\/person\/image\/","url":"https:\/\/secure.gravatar.com\/avatar\/37e97461cc6d702f440074800df84f20?s=96&d=mm&r=g","contentUrl":"https:\/\/secure.gravatar.com\/avatar\/37e97461cc6d702f440074800df84f20?s=96&d=mm&r=g","caption":"Natasha"},"url":"https:\/\/blog.real-trends.com\/br\/author\/natasha\/"}]}},"_links":{"self":[{"href":"https:\/\/blog.real-trends.com\/br\/wp-json\/wp\/v2\/posts\/3786","targetHints":{"allow":["GET"]}}],"collection":[{"href":"https:\/\/blog.real-trends.com\/br\/wp-json\/wp\/v2\/posts"}],"about":[{"href":"https:\/\/blog.real-trends.com\/br\/wp-json\/wp\/v2\/types\/post"}],"author":[{"embeddable":true,"href":"https:\/\/blog.real-trends.com\/br\/wp-json\/wp\/v2\/users\/29"}],"replies":[{"embeddable":true,"href":"https:\/\/blog.real-trends.com\/br\/wp-json\/wp\/v2\/comments?post=3786"}],"version-history":[{"count":7,"href":"https:\/\/blog.real-trends.com\/br\/wp-json\/wp\/v2\/posts\/3786\/revisions"}],"predecessor-version":[{"id":3967,"href":"https:\/\/blog.real-trends.com\/br\/wp-json\/wp\/v2\/posts\/3786\/revisions\/3967"}],"wp:featuredmedia":[{"embeddable":true,"href":"https:\/\/blog.real-trends.com\/br\/wp-json\/wp\/v2\/media\/3785"}],"wp:attachment":[{"href":"https:\/\/blog.real-trends.com\/br\/wp-json\/wp\/v2\/media?parent=3786"}],"wp:term":[{"taxonomy":"category","embeddable":true,"href":"https:\/\/blog.real-trends.com\/br\/wp-json\/wp\/v2\/categories?post=3786"},{"taxonomy":"post_tag","embeddable":true,"href":"https:\/\/blog.real-trends.com\/br\/wp-json\/wp\/v2\/tags?post=3786"}],"curies":[{"name":"wp","href":"https:\/\/api.w.org\/{rel}","templated":true}]}}