{"id":6097,"date":"2023-10-09T15:01:10","date_gmt":"2023-10-09T15:01:10","guid":{"rendered":"https:\/\/blog.real-trends.com\/br\/?p=6097"},"modified":"2023-10-10T15:49:48","modified_gmt":"2023-10-10T15:49:48","slug":"black-friday-2023-as-melhores-dicas","status":"publish","type":"post","link":"https:\/\/blog.real-trends.com\/br\/2023\/10\/09\/black-friday-2023-as-melhores-dicas\/","title":{"rendered":"Black Friday: veja as melhores dicas com os craques do e-commerce"},"content":{"rendered":"\n<figure class=\"wp-block-gallery has-nested-images columns-default is-cropped wp-block-gallery-1 is-layout-flex wp-block-gallery-is-layout-flex\">\n<figure class=\"wp-block-image size-large\"><img loading=\"lazy\" decoding=\"async\" width=\"1024\" height=\"608\" data-id=\"6107\" data-src=\"https:\/\/blog.real-trends.com\/br\/wp-content\/uploads\/2023\/10\/Black-Friday_02-1024x608-1.jpg\" alt=\"venda muito na Black Friday\" class=\"wp-image-6107 lazyload\" data-srcset=\"https:\/\/blog.real-trends.com\/br\/wp-content\/uploads\/2023\/10\/Black-Friday_02-1024x608-1.jpg 1024w, https:\/\/blog.real-trends.com\/br\/wp-content\/uploads\/2023\/10\/Black-Friday_02-1024x608-1-300x178.jpg 300w, https:\/\/blog.real-trends.com\/br\/wp-content\/uploads\/2023\/10\/Black-Friday_02-1024x608-1-250x148.jpg 250w, https:\/\/blog.real-trends.com\/br\/wp-content\/uploads\/2023\/10\/Black-Friday_02-1024x608-1-768x456.jpg 768w, https:\/\/blog.real-trends.com\/br\/wp-content\/uploads\/2023\/10\/Black-Friday_02-1024x608-1-700x416.jpg 700w, https:\/\/blog.real-trends.com\/br\/wp-content\/uploads\/2023\/10\/Black-Friday_02-1024x608-1-150x89.jpg 150w\" data-sizes=\"auto, (max-width: 1024px) 100vw, 1024px\" src=\"data:image\/gif;base64,R0lGODlhAQABAAAAACH5BAEKAAEALAAAAAABAAEAAAICTAEAOw==\" style=\"--smush-placeholder-width: 1024px; --smush-placeholder-aspect-ratio: 1024\/608;\" \/><noscript><img loading=\"lazy\" decoding=\"async\" width=\"1024\" height=\"608\" data-id=\"6107\" src=\"https:\/\/blog.real-trends.com\/br\/wp-content\/uploads\/2023\/10\/Black-Friday_02-1024x608-1.jpg\" alt=\"venda muito na Black Friday\" class=\"wp-image-6107\" srcset=\"https:\/\/blog.real-trends.com\/br\/wp-content\/uploads\/2023\/10\/Black-Friday_02-1024x608-1.jpg 1024w, https:\/\/blog.real-trends.com\/br\/wp-content\/uploads\/2023\/10\/Black-Friday_02-1024x608-1-300x178.jpg 300w, https:\/\/blog.real-trends.com\/br\/wp-content\/uploads\/2023\/10\/Black-Friday_02-1024x608-1-250x148.jpg 250w, https:\/\/blog.real-trends.com\/br\/wp-content\/uploads\/2023\/10\/Black-Friday_02-1024x608-1-768x456.jpg 768w, https:\/\/blog.real-trends.com\/br\/wp-content\/uploads\/2023\/10\/Black-Friday_02-1024x608-1-700x416.jpg 700w, https:\/\/blog.real-trends.com\/br\/wp-content\/uploads\/2023\/10\/Black-Friday_02-1024x608-1-150x89.jpg 150w\" sizes=\"auto, (max-width: 1024px) 100vw, 1024px\" \/><\/noscript><\/figure>\n<\/figure>\n\n\n\n<p>A Black Friday \u00e9 um dos eventos mais importantes do calend\u00e1rio para quem vende online. Em 2023, o evento acontecer\u00e1 em 24 de novembro, e em 2022, a data representou um aumento de 21,1% na receita do setor de com\u00e9rcio eletr\u00f4nico durante o per\u00edodo que compreende a Black Friday e a Cyber Monday, de acordo com o <a href=\"https:\/\/ri.cielo.com.br\/\" target=\"_blank\" style=\"text-decoration: underline; color: #008AFF;\" rel=\"noopener\">Cielo Expanded Retail Index (ICVA)<\/a>, desenvolvido pela Cielo. Voc\u00ea n\u00e3o pode perder isso, n\u00e3o \u00e9 mesmo?<\/p>\n\n\n\n<p>Por isso, conversamos com os especialistas Andr\u00e9 Santos, do <a href=\"https:\/\/www.mercadolibre.com.mx\/\" target=\"_blank\" style=\"text-decoration: underline; color: #008AFF;\" rel=\"noopener\">Mercado Livre<\/a>, e Bruno de Oliveira, do E-commerce na Pr\u00e1tica, para sabermos o que voc\u00ea pode fazer para se preparar para a Black Friday 2023.<\/p>\n\n\n\n<p><br>Andr\u00e9 Santos \u00e9 enf\u00e1tico, \u201ca Black Friday tem que ser vista pelo vendedor desde o in\u00edcio do ano. Eu sempre indico ter os 12 meses catalogados, vendo como trabalhar a gest\u00e3o de estoque e a gest\u00e3o de compra. Como ele pode comprar bem para vender bem\u201d. O que \u00e9 refor\u00e7ado por Bruno de Oliveira, que diz que para a Black Friday funcionar \u00e9 importante trabalhar com a antecipa\u00e7\u00e3o. Voc\u00ea precisa anunciar para a sua audi\u00eancia que o seu neg\u00f3cio vai participar da Black Friday e que todo mundo pode encontrar \u00f3timas promo\u00e7\u00f5es. Se n\u00e3o fizer isso, o seu cliente vai gastar o dinheiro dele em outro lugar, favorecendo os seus concorrentes.<\/p>\n\n\n\n<p><br>Outro ponto em comum entre os especialistas \u00e9 relacionado \u00e0 log\u00edstica. Cada vez mais os brasileiros querem receber o produto o quanto antes, se for no mesmo dia ou em at\u00e9 24h, melhor ainda. Por isso, \u00e9 importante planejar o seu estoque e alinhar muito bem a sua entrega.&nbsp;<\/p>\n\n\n\n<p><br>\u201cPara a Black Friday n\u00e3o adianta ter s\u00f3 pre\u00e7o, tem que pensar muito na quest\u00e3o da experi\u00eancia e da log\u00edstica. Pensar na quest\u00e3o da entrega no mesmo dia, ou ent\u00e3o at\u00e9 o dia seguinte. Ningu\u00e9m quer mais receber produto em 7 dias, \u00e9 tudo para ontem\u201d, afirma Andr\u00e9 Santos.&nbsp;<\/p>\n\n\n\n<h2 class=\"wp-block-heading\"><br><strong>O que pode atrapalhar a sua Black Friday<\/strong><\/h2>\n\n\n\n<p><br>Segundo Bruno de Oliveira, se o seu site n\u00e3o estiver preparado para receber os clientes, voc\u00ea ter\u00e1 um grande problema. Por isso, resolva todas as quest\u00f5es de tecnologia antes da data.<\/p>\n\n\n\n<p>\u201cO <a href=\"https:\/\/blog.real-trends.com\/br\/2021\/06\/24\/planeje-o-seu-estoque-de-seguranca-e-nao-perca-vendas\/\" target=\"_blank\" style=\"text-decoration: underline; color: #008AFF;\" rel=\"noopener\">estoque<\/a> tamb\u00e9m, se n\u00e3o estiver planejado, pode ser um grande empecilho. Al\u00e9m disso, a falta de uma pesquisa de mercado pode atrapalhar muito. \u00c9 necess\u00e1rio entender quais ser\u00e3o as estrat\u00e9gias dos concorrentes, quais os produtos mais vendidos, os pre\u00e7os, qual \u00e9 a maior demanda. Estando atualizado, fica mais f\u00e1cil ter uma Black Friday de sucesso\u201d, refor\u00e7a o especialista.&nbsp;<\/p>\n\n\n\n<p>\u201c\u00c9 essencial conhecer quem s\u00e3o os seus competidores, a\u00ed a gente tem a <a href=\"https:\/\/www.real-trends.com\/br\/tools\" target=\"_blank\" style=\"text-decoration: underline; color: #008AFF;\" rel=\"noopener\">Real Trends<\/a>, que \u00e9 uma ferramenta que ajuda voc\u00ea a saber quem \u00e9 o seu concorrente, saber quais s\u00e3o os produtos que de fato voc\u00ea tem que comprar bem para vender bem. Investir em uma ferramenta robusta e que te traga dados tem a ver com transforma\u00e7\u00e3o digital e conhecer o seu consumidor\u201d, acrescenta Andr\u00e9 Santos.<\/p>\n\n\n\n<p>N\u00e3o deixe nada atrapalhar a sua <a href=\"https:\/\/blackfriday.com.br\/\" target=\"_blank\" style=\"text-decoration: underline; color: #008AFF;\" rel=\"noopener\">Black Friday<\/a>, confira mais dicas no nosso e-book!<\/p>\n\n\n\n<h2 class=\"wp-block-heading\"><br><br><\/h2>\n\n\n\n<h2 class=\"wp-block-heading\"><strong>Black Friday x Natal<\/strong><\/h2>\n\n\n\n<p><br>Uma das quest\u00f5es que pode passar pela sua cabe\u00e7a \u00e9 como gerenciar o estoque na Black Friday, j\u00e1 que o Natal vem praticamente em seguida.&nbsp;<\/p>\n\n\n\n<p><br>De acordo com Bruno de Oliveira, o vendedor precisa definir bem os objetivos das duas datas, afinal por mais que sejam pr\u00f3ximas, n\u00e3o s\u00e3o a mesma coisa. A Black Friday n\u00e3o deve ter o objetivo de liquidar tudo, muitas vezes o lojista nem tem lucro. Ela serve para acabar de vez com o estoque remanescente. J\u00e1 o Natal \u00e9 o oposto, o objetivo \u00e9 liquidar o m\u00e1ximo poss\u00edvel e investir em produtos que estejam com grande demanda na \u00e9poca.<\/p>\n\n\n\n<h3 class=\"wp-block-heading\"><br><strong>Dicas de ouro dos especialistas<\/strong><\/h3>\n\n\n\n<p><br><br>Veja os principais pontos que os especialistas consideram fundamentais para vender muito nesta Black Friday:<\/p>\n\n\n\n<h4 class=\"wp-block-heading\"><br>Dicas do Bruno de Oliveira<\/h4>\n\n\n\n<h3 class=\"wp-block-heading\"><br><strong>1. Portf\u00f3lio correto de produtos<\/strong><\/h3>\n\n\n\n<p>Fazendo uma pesquisa de mercado, o lojista vai saber quais s\u00e3o os produtos com mais demanda e, assim, pode focar nas promo\u00e7\u00f5es.<\/p>\n\n\n\n<h3 class=\"wp-block-heading\"><\/h3>\n\n\n\n<h3 class=\"wp-block-heading\"><br><strong>2. Definir objetivos<\/strong><\/h3>\n\n\n\n<p><br>Pense em como a Black Friday pode beneficiar o seu neg\u00f3cio. Voc\u00ea est\u00e1 precisando aumentar o faturamento, acabar com o estoque parado, conquistar novos clientes, testar um mix de produtos. Analise qual \u00e9 a maior necessidade do seu neg\u00f3cio e crie estrat\u00e9gias para supri-las.<\/p>\n\n\n\n<h3 class=\"wp-block-heading\"><\/h3>\n\n\n\n<h3 class=\"wp-block-heading\"><br><strong>3. Marketing pr\u00e9 e durante a Black Friday<\/strong><\/h3>\n\n\n\n<p><br>Muitos neg\u00f3cios cometem o erro de anunciar as promo\u00e7\u00f5es apenas no dia. Por mais que seja importante, tamb\u00e9m \u00e9 extremamente necess\u00e1rio fazer marketing antes da Black Friday. Gere antecipa\u00e7\u00e3o, anuncie que o seu neg\u00f3cio ter\u00e1 ofertas incr\u00edveis e que \u00e9 inteligente ficar por perto e ver como \u00e9 poss\u00edvel economizar comprando de voc\u00ea.<\/p>\n\n\n\n<h3 class=\"wp-block-heading\"><\/h3>\n\n\n\n<h3 class=\"wp-block-heading\"><br><strong>4. Ter um trabalho ativo<\/strong><\/h3>\n\n\n\n<p><br>Ao mesmo tempo que a Black Friday gera mais compras, ela tamb\u00e9m gera mais abandono de carrinho. Por isso, voc\u00ea precisa estar com uma equipe ativa trabalhando no dia. Mande mensagens para os clientes, tire todas as d\u00favidas, converse com eles. Afinal, um atendimento \u00f3timo e preparado pode fazer toda a diferen\u00e7a.<\/p>\n\n\n\n<h4 class=\"wp-block-heading\"><br>Dicas do Andr\u00e9 Santos<\/h4>\n\n\n\n<p><br>Existe uma coisa que eu chamo de QPA: o Q de qualidade, o P de p\u00f3s-venda e o A de atendimento, diz Andr\u00e9. Veja abaixo o que representa cada um:<\/p>\n\n\n\n<h3 class=\"wp-block-heading\"><strong><br><\/strong><br><strong>Qualidade<\/strong><\/h3>\n\n\n\n<p><br>Quando eu falo de qualidade, eu falo de produto. Conhecer bem o produto, fazer um bom an\u00fancio, com boas fotos, com bons t\u00edtulos e bons v\u00eddeos.&nbsp;<\/p>\n\n\n\n<h3 class=\"wp-block-heading\"><br><strong>P\u00f3s-venda<\/strong><\/h3>\n\n\n\n<p><br>O p\u00f3s-venda n\u00e3o \u00e9 s\u00f3 ficar com o cliente at\u00e9 ele receber o produto, tem a ver com a parte da log\u00edstica. Voc\u00ea n\u00e3o pode deixar para l\u00e1, afinal esta n\u00e3o ser\u00e1 a sua \u00faltima Black Friday. Ter\u00e3o v\u00e1rias para voc\u00ea participar. Por isso, voc\u00ea tem que cativar esse cliente, seja respondendo de forma proativa, agradecendo pela compra e perguntando se ele gostou do produto.&nbsp;<\/p>\n\n\n\n<h3 class=\"wp-block-heading\"><\/h3>\n\n\n\n<h3 class=\"wp-block-heading\"><br><strong>Atendimento<\/strong><\/h3>\n\n\n\n<p><br>O atendimento encanta o cliente para ele comprar novamente com voc\u00ea. O brasileiro \u00e9 um povo que gosta de carinho. Com isso, o encantamento se faz na forma como voc\u00ea trata o seu cliente, na forma como fala com ele.<\/p>\n\n\n\n<p><br>E a\u00ed, curtiu as dicas? Compartilha com a gente como voc\u00ea est\u00e1 se preparando para a Black Friday 2023.<\/p>\n","protected":false},"excerpt":{"rendered":"<p>A Black Friday \u00e9 um dos eventos mais importantes do calend\u00e1rio para quem vende online. Em 2023, o evento acontecer\u00e1 em 24 de novembro, e em 2022, a data representou um aumento de 21,1% na receita do setor de com\u00e9rcio eletr\u00f4nico durante o per\u00edodo que&#8230;<\/p>\n","protected":false},"author":29,"featured_media":6107,"comment_status":"open","ping_status":"open","sticky":false,"template":"","format":"standard","meta":{"_monsterinsights_skip_tracking":false,"_monsterinsights_sitenote_active":false,"_monsterinsights_sitenote_note":"","_monsterinsights_sitenote_category":0,"footnotes":""},"categories":[101],"tags":[],"class_list":["post-6097","post","type-post","status-publish","format-standard","has-post-thumbnail","hentry","category-dicas-de-negocio"],"yoast_head":"<!-- This site is optimized with the Yoast SEO plugin v23.9 - https:\/\/yoast.com\/wordpress\/plugins\/seo\/ -->\n<title>Black Friday: veja as melhores dicas com os craques do e-commerce | Real Trends Blog<\/title>\n<meta name=\"description\" content=\"Descubra como aproveitar ao m\u00e1ximo o Black Friday 2023 com as ferramentas do Real Trends. Dicas para otimizar suas vendas e obter sucesso.\" \/>\n<meta name=\"robots\" content=\"index, follow, max-snippet:-1, max-image-preview:large, max-video-preview:-1\" \/>\n<link rel=\"canonical\" href=\"https:\/\/blog.real-trends.com\/br\/2023\/10\/09\/black-friday-2023-as-melhores-dicas\/\" \/>\n<meta property=\"og:locale\" content=\"pt_BR\" \/>\n<meta property=\"og:type\" content=\"article\" \/>\n<meta property=\"og:title\" content=\"Black Friday: veja as melhores dicas com os craques do e-commerce | Real Trends Blog\" \/>\n<meta property=\"og:description\" content=\"Descubra como aproveitar ao m\u00e1ximo o Black Friday 2023 com as ferramentas do Real Trends. Dicas para otimizar suas vendas e obter sucesso.\" \/>\n<meta property=\"og:url\" content=\"https:\/\/blog.real-trends.com\/br\/2023\/10\/09\/black-friday-2023-as-melhores-dicas\/\" \/>\n<meta property=\"og:site_name\" content=\"Real Trends Blog\" \/>\n<meta property=\"article:published_time\" content=\"2023-10-09T15:01:10+00:00\" \/>\n<meta property=\"article:modified_time\" content=\"2023-10-10T15:49:48+00:00\" \/>\n<meta property=\"og:image\" content=\"https:\/\/blog.real-trends.com\/br\/wp-content\/uploads\/2023\/10\/Black-Friday_02-1024x608-1.jpg\" \/>\n\t<meta property=\"og:image:width\" content=\"1024\" \/>\n\t<meta property=\"og:image:height\" content=\"608\" \/>\n\t<meta property=\"og:image:type\" content=\"image\/jpeg\" \/>\n<meta name=\"author\" content=\"Natasha\" \/>\n<meta name=\"twitter:card\" content=\"summary_large_image\" \/>\n<meta name=\"twitter:label1\" content=\"Escrito por\" \/>\n\t<meta name=\"twitter:data1\" content=\"Natasha\" \/>\n\t<meta name=\"twitter:label2\" content=\"Est. tempo de leitura\" \/>\n\t<meta name=\"twitter:data2\" content=\"6 minutos\" \/>\n<script type=\"application\/ld+json\" class=\"yoast-schema-graph\">{\"@context\":\"https:\/\/schema.org\",\"@graph\":[{\"@type\":\"WebPage\",\"@id\":\"https:\/\/blog.real-trends.com\/br\/2023\/10\/09\/black-friday-2023-as-melhores-dicas\/\",\"url\":\"https:\/\/blog.real-trends.com\/br\/2023\/10\/09\/black-friday-2023-as-melhores-dicas\/\",\"name\":\"Black Friday: veja as melhores dicas com os craques do e-commerce | Real Trends Blog\",\"isPartOf\":{\"@id\":\"https:\/\/blog.real-trends.com\/br\/#website\"},\"primaryImageOfPage\":{\"@id\":\"https:\/\/blog.real-trends.com\/br\/2023\/10\/09\/black-friday-2023-as-melhores-dicas\/#primaryimage\"},\"image\":{\"@id\":\"https:\/\/blog.real-trends.com\/br\/2023\/10\/09\/black-friday-2023-as-melhores-dicas\/#primaryimage\"},\"thumbnailUrl\":\"https:\/\/blog.real-trends.com\/br\/wp-content\/uploads\/2023\/10\/Black-Friday_02-1024x608-1.jpg\",\"datePublished\":\"2023-10-09T15:01:10+00:00\",\"dateModified\":\"2023-10-10T15:49:48+00:00\",\"author\":{\"@id\":\"https:\/\/blog.real-trends.com\/br\/#\/schema\/person\/8028cc7a104c07f666d0a080fc2d69c7\"},\"description\":\"Descubra como aproveitar ao m\u00e1ximo o Black Friday 2023 com as ferramentas do Real Trends. Dicas para otimizar suas vendas e obter sucesso.\",\"breadcrumb\":{\"@id\":\"https:\/\/blog.real-trends.com\/br\/2023\/10\/09\/black-friday-2023-as-melhores-dicas\/#breadcrumb\"},\"inLanguage\":\"pt-BR\",\"potentialAction\":[{\"@type\":\"ReadAction\",\"target\":[\"https:\/\/blog.real-trends.com\/br\/2023\/10\/09\/black-friday-2023-as-melhores-dicas\/\"]}]},{\"@type\":\"ImageObject\",\"inLanguage\":\"pt-BR\",\"@id\":\"https:\/\/blog.real-trends.com\/br\/2023\/10\/09\/black-friday-2023-as-melhores-dicas\/#primaryimage\",\"url\":\"https:\/\/blog.real-trends.com\/br\/wp-content\/uploads\/2023\/10\/Black-Friday_02-1024x608-1.jpg\",\"contentUrl\":\"https:\/\/blog.real-trends.com\/br\/wp-content\/uploads\/2023\/10\/Black-Friday_02-1024x608-1.jpg\",\"width\":1024,\"height\":608,\"caption\":\"venda muito na Black Friday\"},{\"@type\":\"BreadcrumbList\",\"@id\":\"https:\/\/blog.real-trends.com\/br\/2023\/10\/09\/black-friday-2023-as-melhores-dicas\/#breadcrumb\",\"itemListElement\":[{\"@type\":\"ListItem\",\"position\":1,\"name\":\"In\u00edcio\",\"item\":\"https:\/\/blog.real-trends.com\/br\/\"},{\"@type\":\"ListItem\",\"position\":2,\"name\":\"Black Friday: veja as melhores dicas com os craques do e-commerce\"}]},{\"@type\":\"WebSite\",\"@id\":\"https:\/\/blog.real-trends.com\/br\/#website\",\"url\":\"https:\/\/blog.real-trends.com\/br\/\",\"name\":\"Real Trends Blog\",\"description\":\"Tudo o que voc\u00ea precisa saber em um s\u00f3 lugar\",\"potentialAction\":[{\"@type\":\"SearchAction\",\"target\":{\"@type\":\"EntryPoint\",\"urlTemplate\":\"https:\/\/blog.real-trends.com\/br\/?s={search_term_string}\"},\"query-input\":{\"@type\":\"PropertyValueSpecification\",\"valueRequired\":true,\"valueName\":\"search_term_string\"}}],\"inLanguage\":\"pt-BR\"},{\"@type\":\"Person\",\"@id\":\"https:\/\/blog.real-trends.com\/br\/#\/schema\/person\/8028cc7a104c07f666d0a080fc2d69c7\",\"name\":\"Natasha\",\"image\":{\"@type\":\"ImageObject\",\"inLanguage\":\"pt-BR\",\"@id\":\"https:\/\/blog.real-trends.com\/br\/#\/schema\/person\/image\/\",\"url\":\"https:\/\/secure.gravatar.com\/avatar\/37e97461cc6d702f440074800df84f20?s=96&d=mm&r=g\",\"contentUrl\":\"https:\/\/secure.gravatar.com\/avatar\/37e97461cc6d702f440074800df84f20?s=96&d=mm&r=g\",\"caption\":\"Natasha\"},\"url\":\"https:\/\/blog.real-trends.com\/br\/author\/natasha\/\"}]}<\/script>\n<!-- \/ Yoast SEO plugin. -->","yoast_head_json":{"title":"Black Friday: veja as melhores dicas com os craques do e-commerce | Real Trends Blog","description":"Descubra como aproveitar ao m\u00e1ximo o Black Friday 2023 com as ferramentas do Real Trends. Dicas para otimizar suas vendas e obter sucesso.","robots":{"index":"index","follow":"follow","max-snippet":"max-snippet:-1","max-image-preview":"max-image-preview:large","max-video-preview":"max-video-preview:-1"},"canonical":"https:\/\/blog.real-trends.com\/br\/2023\/10\/09\/black-friday-2023-as-melhores-dicas\/","og_locale":"pt_BR","og_type":"article","og_title":"Black Friday: veja as melhores dicas com os craques do e-commerce | Real Trends Blog","og_description":"Descubra como aproveitar ao m\u00e1ximo o Black Friday 2023 com as ferramentas do Real Trends. Dicas para otimizar suas vendas e obter sucesso.","og_url":"https:\/\/blog.real-trends.com\/br\/2023\/10\/09\/black-friday-2023-as-melhores-dicas\/","og_site_name":"Real Trends Blog","article_published_time":"2023-10-09T15:01:10+00:00","article_modified_time":"2023-10-10T15:49:48+00:00","og_image":[{"width":1024,"height":608,"url":"https:\/\/blog.real-trends.com\/br\/wp-content\/uploads\/2023\/10\/Black-Friday_02-1024x608-1.jpg","type":"image\/jpeg"}],"author":"Natasha","twitter_card":"summary_large_image","twitter_misc":{"Escrito por":"Natasha","Est. tempo de leitura":"6 minutos"},"schema":{"@context":"https:\/\/schema.org","@graph":[{"@type":"WebPage","@id":"https:\/\/blog.real-trends.com\/br\/2023\/10\/09\/black-friday-2023-as-melhores-dicas\/","url":"https:\/\/blog.real-trends.com\/br\/2023\/10\/09\/black-friday-2023-as-melhores-dicas\/","name":"Black Friday: veja as melhores dicas com os craques do e-commerce | Real Trends Blog","isPartOf":{"@id":"https:\/\/blog.real-trends.com\/br\/#website"},"primaryImageOfPage":{"@id":"https:\/\/blog.real-trends.com\/br\/2023\/10\/09\/black-friday-2023-as-melhores-dicas\/#primaryimage"},"image":{"@id":"https:\/\/blog.real-trends.com\/br\/2023\/10\/09\/black-friday-2023-as-melhores-dicas\/#primaryimage"},"thumbnailUrl":"https:\/\/blog.real-trends.com\/br\/wp-content\/uploads\/2023\/10\/Black-Friday_02-1024x608-1.jpg","datePublished":"2023-10-09T15:01:10+00:00","dateModified":"2023-10-10T15:49:48+00:00","author":{"@id":"https:\/\/blog.real-trends.com\/br\/#\/schema\/person\/8028cc7a104c07f666d0a080fc2d69c7"},"description":"Descubra como aproveitar ao m\u00e1ximo o Black Friday 2023 com as ferramentas do Real Trends. Dicas para otimizar suas vendas e obter sucesso.","breadcrumb":{"@id":"https:\/\/blog.real-trends.com\/br\/2023\/10\/09\/black-friday-2023-as-melhores-dicas\/#breadcrumb"},"inLanguage":"pt-BR","potentialAction":[{"@type":"ReadAction","target":["https:\/\/blog.real-trends.com\/br\/2023\/10\/09\/black-friday-2023-as-melhores-dicas\/"]}]},{"@type":"ImageObject","inLanguage":"pt-BR","@id":"https:\/\/blog.real-trends.com\/br\/2023\/10\/09\/black-friday-2023-as-melhores-dicas\/#primaryimage","url":"https:\/\/blog.real-trends.com\/br\/wp-content\/uploads\/2023\/10\/Black-Friday_02-1024x608-1.jpg","contentUrl":"https:\/\/blog.real-trends.com\/br\/wp-content\/uploads\/2023\/10\/Black-Friday_02-1024x608-1.jpg","width":1024,"height":608,"caption":"venda muito na Black Friday"},{"@type":"BreadcrumbList","@id":"https:\/\/blog.real-trends.com\/br\/2023\/10\/09\/black-friday-2023-as-melhores-dicas\/#breadcrumb","itemListElement":[{"@type":"ListItem","position":1,"name":"In\u00edcio","item":"https:\/\/blog.real-trends.com\/br\/"},{"@type":"ListItem","position":2,"name":"Black Friday: veja as melhores dicas com os craques do e-commerce"}]},{"@type":"WebSite","@id":"https:\/\/blog.real-trends.com\/br\/#website","url":"https:\/\/blog.real-trends.com\/br\/","name":"Real Trends Blog","description":"Tudo o que voc\u00ea precisa saber em um s\u00f3 lugar","potentialAction":[{"@type":"SearchAction","target":{"@type":"EntryPoint","urlTemplate":"https:\/\/blog.real-trends.com\/br\/?s={search_term_string}"},"query-input":{"@type":"PropertyValueSpecification","valueRequired":true,"valueName":"search_term_string"}}],"inLanguage":"pt-BR"},{"@type":"Person","@id":"https:\/\/blog.real-trends.com\/br\/#\/schema\/person\/8028cc7a104c07f666d0a080fc2d69c7","name":"Natasha","image":{"@type":"ImageObject","inLanguage":"pt-BR","@id":"https:\/\/blog.real-trends.com\/br\/#\/schema\/person\/image\/","url":"https:\/\/secure.gravatar.com\/avatar\/37e97461cc6d702f440074800df84f20?s=96&d=mm&r=g","contentUrl":"https:\/\/secure.gravatar.com\/avatar\/37e97461cc6d702f440074800df84f20?s=96&d=mm&r=g","caption":"Natasha"},"url":"https:\/\/blog.real-trends.com\/br\/author\/natasha\/"}]}},"_links":{"self":[{"href":"https:\/\/blog.real-trends.com\/br\/wp-json\/wp\/v2\/posts\/6097","targetHints":{"allow":["GET"]}}],"collection":[{"href":"https:\/\/blog.real-trends.com\/br\/wp-json\/wp\/v2\/posts"}],"about":[{"href":"https:\/\/blog.real-trends.com\/br\/wp-json\/wp\/v2\/types\/post"}],"author":[{"embeddable":true,"href":"https:\/\/blog.real-trends.com\/br\/wp-json\/wp\/v2\/users\/29"}],"replies":[{"embeddable":true,"href":"https:\/\/blog.real-trends.com\/br\/wp-json\/wp\/v2\/comments?post=6097"}],"version-history":[{"count":6,"href":"https:\/\/blog.real-trends.com\/br\/wp-json\/wp\/v2\/posts\/6097\/revisions"}],"predecessor-version":[{"id":6111,"href":"https:\/\/blog.real-trends.com\/br\/wp-json\/wp\/v2\/posts\/6097\/revisions\/6111"}],"wp:featuredmedia":[{"embeddable":true,"href":"https:\/\/blog.real-trends.com\/br\/wp-json\/wp\/v2\/media\/6107"}],"wp:attachment":[{"href":"https:\/\/blog.real-trends.com\/br\/wp-json\/wp\/v2\/media?parent=6097"}],"wp:term":[{"taxonomy":"category","embeddable":true,"href":"https:\/\/blog.real-trends.com\/br\/wp-json\/wp\/v2\/categories?post=6097"},{"taxonomy":"post_tag","embeddable":true,"href":"https:\/\/blog.real-trends.com\/br\/wp-json\/wp\/v2\/tags?post=6097"}],"curies":[{"name":"wp","href":"https:\/\/api.w.org\/{rel}","templated":true}]}}